{"id":10326,"date":"2023-11-16T11:37:46","date_gmt":"2023-11-16T10:37:46","guid":{"rendered":"https:\/\/erp-recycling.org\/es-es\/?p=10326"},"modified":"2023-11-16T11:43:34","modified_gmt":"2023-11-16T10:43:34","slug":"lanzamiento-quinta-edicion-pilabot","status":"publish","type":"post","link":"https:\/\/erp-recycling.org\/es-es\/news-and-events\/2023\/11\/lanzamiento-quinta-edicion-pilabot\/","title":{"rendered":"V edici\u00f3n de Pilabot: Arranca la recogida de pilas"},"content":{"rendered":"<h2>Quinta edici\u00f3n de Pilabot: Arranca la recogida de pilas en los centros educativos<\/h2>\n<h3>Organizada por la Xunta, en colaboraci\u00f3n con los SCRAP de pilas que operan en la regi\u00f3n, entre los que se encuentra European Recycling Platform<\/h3>\n<p>La Xunta de Galicia, con la colaboraci\u00f3n y apoyo de los SCRAP que operan en la regi\u00f3n -European Recycling Platform Espa\u00f1a, Ecopilas y Ecolec- impulsar\u00e1, un a\u00f1o m\u00e1s, la campa\u00f1a escolar Pilabot. Esta iniciativa para promover la concienciaci\u00f3n de los m\u00e1s j\u00f3venes sobre el reciclaje, tendr\u00e1 como actividad principal un concurso de recogida de pilas, acumuladores y bater\u00edas usadas entre el alumnado de todos los 150 colegios de primaria y secundaria participantes.<\/p>\n<p>Los centros educativos gallegos p\u00fablicos, privados o concertados que est\u00e9n interesados en participar en la iniciativa pueden inscribirse hasta el pr\u00f3ximo 5 de diciembre a trav\u00e9s de la <a href=\"https:\/\/pilabot.gal\/eusonpilabot\/\">p\u00e1gina web de Pilabot<\/a>. A partir de 10 de enero comenzar\u00e1 el reparto de los bidones, colectores y material informativo y, una vez recibidos los materiales, cada centro tendr\u00e1 seis semanas lectivas para participar en la campa\u00f1a, que finalizar\u00e1 el 19 de abril.<\/p>\n<p>La quinta edici\u00f3n de Pilabot se ha presentado durante una visita de varias autoridades al CEIP Carmen Garc\u00eda Carrasco, en Cenlle, ganador en la categor\u00eda de kilos totales recogidos por alumno en el curso 2022-2023. La directora general de Calidad Ambiental, Sostenibilidad y Cambio Clim\u00e1tico, Sagrario P\u00e9rez, subray\u00f3 en el acto que gracias al esfuerzo realizado por los escolares de los 150 centros inscritos en la pasada edici\u00f3n se reciclaron m\u00e1s de 46 toneladas de pilas, uno de los residuos dom\u00e9sticos m\u00e1s peligrosos y que pueden ser altamente contaminantes, si no se gestionan correctamente.<\/p>\n<h4><strong>Reciclar tiene premio<\/strong><\/h4>\n<p>Los ganadores del concurso de reciclaje de pilas de este curso se repartir\u00e1n 7.500 euros, divididos en cuatro premios: dos de 2.500 euros cada uno para el centro que m\u00e1s kilos recupere y para el que logre la mejor tasa de recogida por alumno, y otros dos, de 1.250 euros, para los segundos clasificados en cada categor\u00eda. El dinero de los premios deber\u00e1 destinarse a la compra de material escolar y deportivo, o a la organizaci\u00f3n de actividades educativas con su alumnado.<\/p>\n<p>El pasado a\u00f1o, los tres SCRAP que operan en la Comunidad gallega recogieron un total de 396 toneladas de residuos de pilas y acumuladores en la regi\u00f3n,\u00a0 un 22,6% m\u00e1s que en 2021. Casi el 12% de estos residuos \u2014alrededor de 46 toneladas\u2014 se recogi\u00f3 en los centros educativos participantes en la cuarta edici\u00f3n de Pilabot. En ese sentido, Sagrario P\u00e9rez subray\u00f3 la importancia de continuar concienciando a los ni\u00f1os y adolescentes sobre la necesidad de reciclar pilas y acumuladores port\u00e1tiles.<\/p>\n<p>Para m\u00e1s informaci\u00f3n: <a href=\"https:\/\/pilabot.gal\/\" target=\"_blank\" rel=\"noopener\">https:\/\/pilabot.gal\/<\/a><\/p>\n","protected":false},"excerpt":{"rendered":"<p>Quinta edici\u00f3n de Pilabot: Arranca la recogida de pilas en los centros educativos Organizada por la Xunta, en colaboraci\u00f3n con los SCRAP de pilas que operan en la regi\u00f3n, entre los que se encuentra European Recycling Platform La Xunta de Galicia, con la colaboraci\u00f3n y apoyo de los SCRAP que operan en la regi\u00f3n -European<\/p>\n","protected":false},"author":29,"featured_media":10329,"comment_status":"closed","ping_status":"open","sticky":false,"template":"","format":"standard","meta":{"_acf_changed":false,"_monsterinsights_skip_tracking":false,"_monsterinsights_sitenote_active":false,"_monsterinsights_sitenote_note":"","_monsterinsights_sitenote_category":0,"footnotes":""},"categories":[53],"tags":[],"class_list":["post-10326","post","type-post","status-publish","format-standard","has-post-thumbnail","hentry","category-noticias"],"acf":[],"yoast_head":"<!-- This site is optimized with the Yoast SEO plugin v27.2 - https:\/\/yoast.com\/product\/yoast-seo-wordpress\/ -->\n<title>V edici\u00f3n de Pilabot: Arranca la recogida de pilas - Spain (ES)<\/title>\n<meta name=\"description\" content=\"Se ha iniciado la recogida de pilas de la quinta edici\u00f3n de Pilabot, puesta en marcha por la Xunta de Galicia, en colaboraci\u00f3n con ERP, entre otros SCRAP.\" \/>\n<meta name=\"robots\" content=\"index, follow, max-snippet:-1, max-image-preview:large, max-video-preview:-1\" \/>\n<link rel=\"canonical\" href=\"https:\/\/erp-recycling.org\/es-es\/news-and-events\/2023\/11\/lanzamiento-quinta-edicion-pilabot\/\" \/>\n<meta property=\"og:locale\" content=\"es_ES\" \/>\n<meta property=\"og:type\" content=\"article\" \/>\n<meta property=\"og:title\" content=\"V edici\u00f3n de Pilabot: Arranca la recogida de pilas - Spain (ES)\" \/>\n<meta property=\"og:description\" content=\"Se ha iniciado la recogida de pilas de la quinta edici\u00f3n de Pilabot, puesta en marcha por la Xunta de Galicia, en colaboraci\u00f3n con ERP, entre otros SCRAP.\" \/>\n<meta property=\"og:url\" content=\"https:\/\/erp-recycling.org\/es-es\/news-and-events\/2023\/11\/lanzamiento-quinta-edicion-pilabot\/\" \/>\n<meta property=\"og:site_name\" content=\"Spain (ES)\" \/>\n<meta property=\"article:published_time\" content=\"2023-11-16T10:37:46+00:00\" \/>\n<meta property=\"article:modified_time\" content=\"2023-11-16T10:43:34+00:00\" \/>\n<meta property=\"og:image\" content=\"https:\/\/erp-recycling.org\/es-es\/wp-content\/uploads\/sites\/56\/2023\/11\/banner_pilabot.png\" \/>\n\t<meta property=\"og:image:width\" content=\"1742\" \/>\n\t<meta property=\"og:image:height\" content=\"745\" \/>\n\t<meta property=\"og:image:type\" content=\"image\/png\" \/>\n<meta name=\"author\" content=\"bblanco\" \/>\n<meta name=\"twitter:card\" content=\"summary_large_image\" \/>\n<meta name=\"twitter:label1\" content=\"Escrito por\" \/>\n\t<meta name=\"twitter:data1\" content=\"bblanco\" \/>\n\t<meta name=\"twitter:label2\" content=\"Tiempo de lectura\" \/>\n\t<meta name=\"twitter:data2\" content=\"3 minutos\" \/>\n<script type=\"application\/ld+json\" class=\"yoast-schema-graph\">{\"@context\":\"https:\/\/schema.org\",\"@graph\":[{\"@type\":\"Article\",\"@id\":\"https:\/\/erp-recycling.org\/es-es\/news-and-events\/2023\/11\/lanzamiento-quinta-edicion-pilabot\/#article\",\"isPartOf\":{\"@id\":\"https:\/\/erp-recycling.org\/es-es\/news-and-events\/2023\/11\/lanzamiento-quinta-edicion-pilabot\/\"},\"author\":{\"name\":\"bblanco\",\"@id\":\"https:\/\/erp-recycling.org\/es-es\/#\/schema\/person\/d4083e833c81e3e6df401f1029e6d1a8\"},\"headline\":\"V edici\u00f3n de Pilabot: Arranca la recogida de pilas\",\"datePublished\":\"2023-11-16T10:37:46+00:00\",\"dateModified\":\"2023-11-16T10:43:34+00:00\",\"mainEntityOfPage\":{\"@id\":\"https:\/\/erp-recycling.org\/es-es\/news-and-events\/2023\/11\/lanzamiento-quinta-edicion-pilabot\/\"},\"wordCount\":483,\"image\":{\"@id\":\"https:\/\/erp-recycling.org\/es-es\/news-and-events\/2023\/11\/lanzamiento-quinta-edicion-pilabot\/#primaryimage\"},\"thumbnailUrl\":\"https:\/\/erp-recycling.org\/es-es\/wp-content\/uploads\/sites\/56\/2023\/11\/banner_pilabot.png\",\"articleSection\":[\"Noticias\"],\"inLanguage\":\"es\"},{\"@type\":\"WebPage\",\"@id\":\"https:\/\/erp-recycling.org\/es-es\/news-and-events\/2023\/11\/lanzamiento-quinta-edicion-pilabot\/\",\"url\":\"https:\/\/erp-recycling.org\/es-es\/news-and-events\/2023\/11\/lanzamiento-quinta-edicion-pilabot\/\",\"name\":\"V edici\u00f3n de Pilabot: Arranca la recogida de pilas - Spain (ES)\",\"isPartOf\":{\"@id\":\"https:\/\/erp-recycling.org\/es-es\/#website\"},\"primaryImageOfPage\":{\"@id\":\"https:\/\/erp-recycling.org\/es-es\/news-and-events\/2023\/11\/lanzamiento-quinta-edicion-pilabot\/#primaryimage\"},\"image\":{\"@id\":\"https:\/\/erp-recycling.org\/es-es\/news-and-events\/2023\/11\/lanzamiento-quinta-edicion-pilabot\/#primaryimage\"},\"thumbnailUrl\":\"https:\/\/erp-recycling.org\/es-es\/wp-content\/uploads\/sites\/56\/2023\/11\/banner_pilabot.png\",\"datePublished\":\"2023-11-16T10:37:46+00:00\",\"dateModified\":\"2023-11-16T10:43:34+00:00\",\"author\":{\"@id\":\"https:\/\/erp-recycling.org\/es-es\/#\/schema\/person\/d4083e833c81e3e6df401f1029e6d1a8\"},\"description\":\"Se ha iniciado la recogida de pilas de la quinta edici\u00f3n de Pilabot, puesta en marcha por la Xunta de Galicia, en colaboraci\u00f3n con ERP, entre otros SCRAP.\",\"breadcrumb\":{\"@id\":\"https:\/\/erp-recycling.org\/es-es\/news-and-events\/2023\/11\/lanzamiento-quinta-edicion-pilabot\/#breadcrumb\"},\"inLanguage\":\"es\",\"potentialAction\":[{\"@type\":\"ReadAction\",\"target\":[\"https:\/\/erp-recycling.org\/es-es\/news-and-events\/2023\/11\/lanzamiento-quinta-edicion-pilabot\/\"]}]},{\"@type\":\"ImageObject\",\"inLanguage\":\"es\",\"@id\":\"https:\/\/erp-recycling.org\/es-es\/news-and-events\/2023\/11\/lanzamiento-quinta-edicion-pilabot\/#primaryimage\",\"url\":\"https:\/\/erp-recycling.org\/es-es\/wp-content\/uploads\/sites\/56\/2023\/11\/banner_pilabot.png\",\"contentUrl\":\"https:\/\/erp-recycling.org\/es-es\/wp-content\/uploads\/sites\/56\/2023\/11\/banner_pilabot.png\",\"width\":1742,\"height\":745},{\"@type\":\"BreadcrumbList\",\"@id\":\"https:\/\/erp-recycling.org\/es-es\/news-and-events\/2023\/11\/lanzamiento-quinta-edicion-pilabot\/#breadcrumb\",\"itemListElement\":[{\"@type\":\"ListItem\",\"position\":1,\"name\":\"Frontpage\",\"item\":\"https:\/\/erp-recycling.org\/es-es\/\"},{\"@type\":\"ListItem\",\"position\":2,\"name\":\"V edici\u00f3n de Pilabot: Arranca la recogida de pilas\"}]},{\"@type\":\"WebSite\",\"@id\":\"https:\/\/erp-recycling.org\/es-es\/#website\",\"url\":\"https:\/\/erp-recycling.org\/es-es\/\",\"name\":\"Spain (ES)\",\"description\":\"A company of the Landbell Group\",\"potentialAction\":[{\"@type\":\"SearchAction\",\"target\":{\"@type\":\"EntryPoint\",\"urlTemplate\":\"https:\/\/erp-recycling.org\/es-es\/?s={search_term_string}\"},\"query-input\":{\"@type\":\"PropertyValueSpecification\",\"valueRequired\":true,\"valueName\":\"search_term_string\"}}],\"inLanguage\":\"es\"},{\"@type\":\"Person\",\"@id\":\"https:\/\/erp-recycling.org\/es-es\/#\/schema\/person\/d4083e833c81e3e6df401f1029e6d1a8\",\"name\":\"bblanco\",\"image\":{\"@type\":\"ImageObject\",\"inLanguage\":\"es\",\"@id\":\"https:\/\/secure.gravatar.com\/avatar\/a1c765a4ea7d7077e6e2323af3bd6fe58700d17ad040489a065200498fce632d?s=96&d=mm&r=g\",\"url\":\"https:\/\/secure.gravatar.com\/avatar\/a1c765a4ea7d7077e6e2323af3bd6fe58700d17ad040489a065200498fce632d?s=96&d=mm&r=g\",\"contentUrl\":\"https:\/\/secure.gravatar.com\/avatar\/a1c765a4ea7d7077e6e2323af3bd6fe58700d17ad040489a065200498fce632d?s=96&d=mm&r=g\",\"caption\":\"bblanco\"},\"url\":\"https:\/\/erp-recycling.org\/es-es\/news-and-events\/author\/bblanco\/\"}]}<\/script>\n<!-- \/ Yoast SEO plugin. -->","yoast_head_json":{"title":"V edici\u00f3n de Pilabot: Arranca la recogida de pilas - Spain (ES)","description":"Se ha iniciado la recogida de pilas de la quinta edici\u00f3n de Pilabot, puesta en marcha por la Xunta de Galicia, en colaboraci\u00f3n con ERP, entre otros SCRAP.","robots":{"index":"index","follow":"follow","max-snippet":"max-snippet:-1","max-image-preview":"max-image-preview:large","max-video-preview":"max-video-preview:-1"},"canonical":"https:\/\/erp-recycling.org\/es-es\/news-and-events\/2023\/11\/lanzamiento-quinta-edicion-pilabot\/","og_locale":"es_ES","og_type":"article","og_title":"V edici\u00f3n de Pilabot: Arranca la recogida de pilas - Spain (ES)","og_description":"Se ha iniciado la recogida de pilas de la quinta edici\u00f3n de Pilabot, puesta en marcha por la Xunta de Galicia, en colaboraci\u00f3n con ERP, entre otros SCRAP.","og_url":"https:\/\/erp-recycling.org\/es-es\/news-and-events\/2023\/11\/lanzamiento-quinta-edicion-pilabot\/","og_site_name":"Spain (ES)","article_published_time":"2023-11-16T10:37:46+00:00","article_modified_time":"2023-11-16T10:43:34+00:00","og_image":[{"width":1742,"height":745,"url":"https:\/\/erp-recycling.org\/es-es\/wp-content\/uploads\/sites\/56\/2023\/11\/banner_pilabot.png","type":"image\/png"}],"author":"bblanco","twitter_card":"summary_large_image","twitter_misc":{"Escrito por":"bblanco","Tiempo de lectura":"3 minutos"},"schema":{"@context":"https:\/\/schema.org","@graph":[{"@type":"Article","@id":"https:\/\/erp-recycling.org\/es-es\/news-and-events\/2023\/11\/lanzamiento-quinta-edicion-pilabot\/#article","isPartOf":{"@id":"https:\/\/erp-recycling.org\/es-es\/news-and-events\/2023\/11\/lanzamiento-quinta-edicion-pilabot\/"},"author":{"name":"bblanco","@id":"https:\/\/erp-recycling.org\/es-es\/#\/schema\/person\/d4083e833c81e3e6df401f1029e6d1a8"},"headline":"V edici\u00f3n de Pilabot: Arranca la recogida de pilas","datePublished":"2023-11-16T10:37:46+00:00","dateModified":"2023-11-16T10:43:34+00:00","mainEntityOfPage":{"@id":"https:\/\/erp-recycling.org\/es-es\/news-and-events\/2023\/11\/lanzamiento-quinta-edicion-pilabot\/"},"wordCount":483,"image":{"@id":"https:\/\/erp-recycling.org\/es-es\/news-and-events\/2023\/11\/lanzamiento-quinta-edicion-pilabot\/#primaryimage"},"thumbnailUrl":"https:\/\/erp-recycling.org\/es-es\/wp-content\/uploads\/sites\/56\/2023\/11\/banner_pilabot.png","articleSection":["Noticias"],"inLanguage":"es"},{"@type":"WebPage","@id":"https:\/\/erp-recycling.org\/es-es\/news-and-events\/2023\/11\/lanzamiento-quinta-edicion-pilabot\/","url":"https:\/\/erp-recycling.org\/es-es\/news-and-events\/2023\/11\/lanzamiento-quinta-edicion-pilabot\/","name":"V edici\u00f3n de Pilabot: Arranca la recogida de pilas - Spain (ES)","isPartOf":{"@id":"https:\/\/erp-recycling.org\/es-es\/#website"},"primaryImageOfPage":{"@id":"https:\/\/erp-recycling.org\/es-es\/news-and-events\/2023\/11\/lanzamiento-quinta-edicion-pilabot\/#primaryimage"},"image":{"@id":"https:\/\/erp-recycling.org\/es-es\/news-and-events\/2023\/11\/lanzamiento-quinta-edicion-pilabot\/#primaryimage"},"thumbnailUrl":"https:\/\/erp-recycling.org\/es-es\/wp-content\/uploads\/sites\/56\/2023\/11\/banner_pilabot.png","datePublished":"2023-11-16T10:37:46+00:00","dateModified":"2023-11-16T10:43:34+00:00","author":{"@id":"https:\/\/erp-recycling.org\/es-es\/#\/schema\/person\/d4083e833c81e3e6df401f1029e6d1a8"},"description":"Se ha iniciado la recogida de pilas de la quinta edici\u00f3n de Pilabot, puesta en marcha por la Xunta de Galicia, en colaboraci\u00f3n con ERP, entre otros SCRAP.","breadcrumb":{"@id":"https:\/\/erp-recycling.org\/es-es\/news-and-events\/2023\/11\/lanzamiento-quinta-edicion-pilabot\/#breadcrumb"},"inLanguage":"es","potentialAction":[{"@type":"ReadAction","target":["https:\/\/erp-recycling.org\/es-es\/news-and-events\/2023\/11\/lanzamiento-quinta-edicion-pilabot\/"]}]},{"@type":"ImageObject","inLanguage":"es","@id":"https:\/\/erp-recycling.org\/es-es\/news-and-events\/2023\/11\/lanzamiento-quinta-edicion-pilabot\/#primaryimage","url":"https:\/\/erp-recycling.org\/es-es\/wp-content\/uploads\/sites\/56\/2023\/11\/banner_pilabot.png","contentUrl":"https:\/\/erp-recycling.org\/es-es\/wp-content\/uploads\/sites\/56\/2023\/11\/banner_pilabot.png","width":1742,"height":745},{"@type":"BreadcrumbList","@id":"https:\/\/erp-recycling.org\/es-es\/news-and-events\/2023\/11\/lanzamiento-quinta-edicion-pilabot\/#breadcrumb","itemListElement":[{"@type":"ListItem","position":1,"name":"Frontpage","item":"https:\/\/erp-recycling.org\/es-es\/"},{"@type":"ListItem","position":2,"name":"V edici\u00f3n de Pilabot: Arranca la recogida de pilas"}]},{"@type":"WebSite","@id":"https:\/\/erp-recycling.org\/es-es\/#website","url":"https:\/\/erp-recycling.org\/es-es\/","name":"Spain (ES)","description":"A company of the Landbell Group","potentialAction":[{"@type":"SearchAction","target":{"@type":"EntryPoint","urlTemplate":"https:\/\/erp-recycling.org\/es-es\/?s={search_term_string}"},"query-input":{"@type":"PropertyValueSpecification","valueRequired":true,"valueName":"search_term_string"}}],"inLanguage":"es"},{"@type":"Person","@id":"https:\/\/erp-recycling.org\/es-es\/#\/schema\/person\/d4083e833c81e3e6df401f1029e6d1a8","name":"bblanco","image":{"@type":"ImageObject","inLanguage":"es","@id":"https:\/\/secure.gravatar.com\/avatar\/a1c765a4ea7d7077e6e2323af3bd6fe58700d17ad040489a065200498fce632d?s=96&d=mm&r=g","url":"https:\/\/secure.gravatar.com\/avatar\/a1c765a4ea7d7077e6e2323af3bd6fe58700d17ad040489a065200498fce632d?s=96&d=mm&r=g","contentUrl":"https:\/\/secure.gravatar.com\/avatar\/a1c765a4ea7d7077e6e2323af3bd6fe58700d17ad040489a065200498fce632d?s=96&d=mm&r=g","caption":"bblanco"},"url":"https:\/\/erp-recycling.org\/es-es\/news-and-events\/author\/bblanco\/"}]}},"_links":{"self":[{"href":"https:\/\/erp-recycling.org\/es-es\/wp-json\/wp\/v2\/posts\/10326","targetHints":{"allow":["GET"]}}],"collection":[{"href":"https:\/\/erp-recycling.org\/es-es\/wp-json\/wp\/v2\/posts"}],"about":[{"href":"https:\/\/erp-recycling.org\/es-es\/wp-json\/wp\/v2\/types\/post"}],"author":[{"embeddable":true,"href":"https:\/\/erp-recycling.org\/es-es\/wp-json\/wp\/v2\/users\/29"}],"replies":[{"embeddable":true,"href":"https:\/\/erp-recycling.org\/es-es\/wp-json\/wp\/v2\/comments?post=10326"}],"version-history":[{"count":3,"href":"https:\/\/erp-recycling.org\/es-es\/wp-json\/wp\/v2\/posts\/10326\/revisions"}],"predecessor-version":[{"id":10331,"href":"https:\/\/erp-recycling.org\/es-es\/wp-json\/wp\/v2\/posts\/10326\/revisions\/10331"}],"wp:featuredmedia":[{"embeddable":true,"href":"https:\/\/erp-recycling.org\/es-es\/wp-json\/wp\/v2\/media\/10329"}],"wp:attachment":[{"href":"https:\/\/erp-recycling.org\/es-es\/wp-json\/wp\/v2\/media?parent=10326"}],"wp:term":[{"taxonomy":"category","embeddable":true,"href":"https:\/\/erp-recycling.org\/es-es\/wp-json\/wp\/v2\/categories?post=10326"},{"taxonomy":"post_tag","embeddable":true,"href":"https:\/\/erp-recycling.org\/es-es\/wp-json\/wp\/v2\/tags?post=10326"}],"curies":[{"name":"wp","href":"https:\/\/api.w.org\/{rel}","templated":true}]}}