{"id":10783,"date":"2024-05-22T18:31:40","date_gmt":"2024-05-22T16:31:40","guid":{"rendered":"https:\/\/erp-recycling.org\/es-es\/?p=10783"},"modified":"2024-05-22T18:31:40","modified_gmt":"2024-05-22T16:31:40","slug":"convenio-para-la-gestion-de-residuos-de-pilas-portatiles-con-ayuntamiento-valladolid","status":"publish","type":"post","link":"https:\/\/erp-recycling.org\/es-es\/news-and-events\/2024\/05\/convenio-para-la-gestion-de-residuos-de-pilas-portatiles-con-ayuntamiento-valladolid\/","title":{"rendered":"Convenio para la gesti\u00f3n de residuos de pilas port\u00e1tiles con Ayuntamiento Valladolid"},"content":{"rendered":"<p><strong>European Recycling Platform Espa\u00f1a S.L.U. y el Ayuntamiento de Valladolid firman un convenio para la recogida y tratamiento de residuos de pilas port\u00e1tiles<\/strong><\/p>\n<p><strong>Tiene una vigencia de cuatro a\u00f1os y permitir\u00e1 ampliar la red de puntos de recogida del municipio<\/strong><\/p>\n","protected":false},"excerpt":{"rendered":"<p>European Recycling Platform Espa\u00f1a S.L.U. y el Ayuntamiento de Valladolid firman un convenio para la recogida y tratamiento de residuos de pilas port\u00e1tiles Tiene una vigencia de cuatro a\u00f1os y permitir\u00e1 ampliar la red de puntos de recogida del municipio<\/p>\n","protected":false},"author":29,"featured_media":8406,"comment_status":"closed","ping_status":"closed","sticky":false,"template":"","format":"standard","meta":{"_acf_changed":false,"_monsterinsights_skip_tracking":false,"_monsterinsights_sitenote_active":false,"_monsterinsights_sitenote_note":"","_monsterinsights_sitenote_category":0,"footnotes":""},"categories":[53],"tags":[],"class_list":["post-10783","post","type-post","status-publish","format-standard","has-post-thumbnail","hentry","category-noticias"],"acf":[],"yoast_head":"<!-- This site is optimized with the Yoast SEO plugin v27.2 - https:\/\/yoast.com\/product\/yoast-seo-wordpress\/ -->\n<title>ERP firma convenio con el Ayto de Valladolid<\/title>\n<meta name=\"description\" content=\"European Recycling Platform (ERP) Espa\u00f1a firma convenio con el Ayuntamiento de Valladolid\u00a0 para la gesti\u00f3n de residuos de pilas port\u00e1tiles\" \/>\n<meta name=\"robots\" content=\"index, follow, max-snippet:-1, max-image-preview:large, max-video-preview:-1\" \/>\n<link rel=\"canonical\" href=\"https:\/\/erp-recycling.org\/es-es\/news-and-events\/2024\/05\/convenio-para-la-gestion-de-residuos-de-pilas-portatiles-con-ayuntamiento-valladolid\/\" \/>\n<meta property=\"og:locale\" content=\"es_ES\" \/>\n<meta property=\"og:type\" content=\"article\" \/>\n<meta property=\"og:title\" content=\"ERP firma convenio con el Ayto de Valladolid\" \/>\n<meta property=\"og:description\" content=\"European Recycling Platform (ERP) Espa\u00f1a firma convenio con el Ayuntamiento de Valladolid\u00a0 para la gesti\u00f3n de residuos de pilas port\u00e1tiles\" \/>\n<meta property=\"og:url\" content=\"https:\/\/erp-recycling.org\/es-es\/news-and-events\/2024\/05\/convenio-para-la-gestion-de-residuos-de-pilas-portatiles-con-ayuntamiento-valladolid\/\" \/>\n<meta property=\"og:site_name\" content=\"Spain (ES)\" \/>\n<meta property=\"article:published_time\" content=\"2024-05-22T16:31:40+00:00\" \/>\n<meta property=\"og:image\" content=\"https:\/\/erp-recycling.org\/es-es\/wp-content\/uploads\/sites\/56\/2017\/07\/img-erp-org-old-batteries-to-recycling-578663071-1600x400.jpg\" \/>\n\t<meta property=\"og:image:width\" content=\"1600\" \/>\n\t<meta property=\"og:image:height\" content=\"400\" \/>\n\t<meta property=\"og:image:type\" content=\"image\/jpeg\" \/>\n<meta name=\"author\" content=\"bblanco\" \/>\n<meta name=\"twitter:card\" content=\"summary_large_image\" \/>\n<meta name=\"twitter:label1\" content=\"Escrito por\" \/>\n\t<meta name=\"twitter:data1\" content=\"bblanco\" \/>\n\t<meta name=\"twitter:label2\" content=\"Tiempo de lectura\" \/>\n\t<meta name=\"twitter:data2\" content=\"1 minuto\" \/>\n<script type=\"application\/ld+json\" class=\"yoast-schema-graph\">{\"@context\":\"https:\/\/schema.org\",\"@graph\":[{\"@type\":\"Article\",\"@id\":\"https:\/\/erp-recycling.org\/es-es\/news-and-events\/2024\/05\/convenio-para-la-gestion-de-residuos-de-pilas-portatiles-con-ayuntamiento-valladolid\/#article\",\"isPartOf\":{\"@id\":\"https:\/\/erp-recycling.org\/es-es\/news-and-events\/2024\/05\/convenio-para-la-gestion-de-residuos-de-pilas-portatiles-con-ayuntamiento-valladolid\/\"},\"author\":{\"name\":\"bblanco\",\"@id\":\"https:\/\/erp-recycling.org\/es-es\/#\/schema\/person\/d4083e833c81e3e6df401f1029e6d1a8\"},\"headline\":\"Convenio para la gesti\u00f3n de residuos de pilas port\u00e1tiles con Ayuntamiento Valladolid\",\"datePublished\":\"2024-05-22T16:31:40+00:00\",\"mainEntityOfPage\":{\"@id\":\"https:\/\/erp-recycling.org\/es-es\/news-and-events\/2024\/05\/convenio-para-la-gestion-de-residuos-de-pilas-portatiles-con-ayuntamiento-valladolid\/\"},\"wordCount\":59,\"image\":{\"@id\":\"https:\/\/erp-recycling.org\/es-es\/news-and-events\/2024\/05\/convenio-para-la-gestion-de-residuos-de-pilas-portatiles-con-ayuntamiento-valladolid\/#primaryimage\"},\"thumbnailUrl\":\"https:\/\/erp-recycling.org\/es-es\/wp-content\/uploads\/sites\/56\/2017\/07\/img-erp-org-old-batteries-to-recycling-578663071-1600x400.jpg\",\"articleSection\":[\"Noticias\"],\"inLanguage\":\"es\"},{\"@type\":\"WebPage\",\"@id\":\"https:\/\/erp-recycling.org\/es-es\/news-and-events\/2024\/05\/convenio-para-la-gestion-de-residuos-de-pilas-portatiles-con-ayuntamiento-valladolid\/\",\"url\":\"https:\/\/erp-recycling.org\/es-es\/news-and-events\/2024\/05\/convenio-para-la-gestion-de-residuos-de-pilas-portatiles-con-ayuntamiento-valladolid\/\",\"name\":\"ERP firma convenio con el Ayto de Valladolid\",\"isPartOf\":{\"@id\":\"https:\/\/erp-recycling.org\/es-es\/#website\"},\"primaryImageOfPage\":{\"@id\":\"https:\/\/erp-recycling.org\/es-es\/news-and-events\/2024\/05\/convenio-para-la-gestion-de-residuos-de-pilas-portatiles-con-ayuntamiento-valladolid\/#primaryimage\"},\"image\":{\"@id\":\"https:\/\/erp-recycling.org\/es-es\/news-and-events\/2024\/05\/convenio-para-la-gestion-de-residuos-de-pilas-portatiles-con-ayuntamiento-valladolid\/#primaryimage\"},\"thumbnailUrl\":\"https:\/\/erp-recycling.org\/es-es\/wp-content\/uploads\/sites\/56\/2017\/07\/img-erp-org-old-batteries-to-recycling-578663071-1600x400.jpg\",\"datePublished\":\"2024-05-22T16:31:40+00:00\",\"author\":{\"@id\":\"https:\/\/erp-recycling.org\/es-es\/#\/schema\/person\/d4083e833c81e3e6df401f1029e6d1a8\"},\"description\":\"European Recycling Platform (ERP) Espa\u00f1a firma convenio con el Ayuntamiento de Valladolid\u00a0 para la gesti\u00f3n de residuos de pilas port\u00e1tiles\",\"breadcrumb\":{\"@id\":\"https:\/\/erp-recycling.org\/es-es\/news-and-events\/2024\/05\/convenio-para-la-gestion-de-residuos-de-pilas-portatiles-con-ayuntamiento-valladolid\/#breadcrumb\"},\"inLanguage\":\"es\",\"potentialAction\":[{\"@type\":\"ReadAction\",\"target\":[\"https:\/\/erp-recycling.org\/es-es\/news-and-events\/2024\/05\/convenio-para-la-gestion-de-residuos-de-pilas-portatiles-con-ayuntamiento-valladolid\/\"]}]},{\"@type\":\"ImageObject\",\"inLanguage\":\"es\",\"@id\":\"https:\/\/erp-recycling.org\/es-es\/news-and-events\/2024\/05\/convenio-para-la-gestion-de-residuos-de-pilas-portatiles-con-ayuntamiento-valladolid\/#primaryimage\",\"url\":\"https:\/\/erp-recycling.org\/es-es\/wp-content\/uploads\/sites\/56\/2017\/07\/img-erp-org-old-batteries-to-recycling-578663071-1600x400.jpg\",\"contentUrl\":\"https:\/\/erp-recycling.org\/es-es\/wp-content\/uploads\/sites\/56\/2017\/07\/img-erp-org-old-batteries-to-recycling-578663071-1600x400.jpg\",\"width\":1600,\"height\":400},{\"@type\":\"BreadcrumbList\",\"@id\":\"https:\/\/erp-recycling.org\/es-es\/news-and-events\/2024\/05\/convenio-para-la-gestion-de-residuos-de-pilas-portatiles-con-ayuntamiento-valladolid\/#breadcrumb\",\"itemListElement\":[{\"@type\":\"ListItem\",\"position\":1,\"name\":\"Frontpage\",\"item\":\"https:\/\/erp-recycling.org\/es-es\/\"},{\"@type\":\"ListItem\",\"position\":2,\"name\":\"Convenio para la gesti\u00f3n de residuos de pilas port\u00e1tiles con Ayuntamiento Valladolid\"}]},{\"@type\":\"WebSite\",\"@id\":\"https:\/\/erp-recycling.org\/es-es\/#website\",\"url\":\"https:\/\/erp-recycling.org\/es-es\/\",\"name\":\"Spain (ES)\",\"description\":\"A company of the Landbell Group\",\"potentialAction\":[{\"@type\":\"SearchAction\",\"target\":{\"@type\":\"EntryPoint\",\"urlTemplate\":\"https:\/\/erp-recycling.org\/es-es\/?s={search_term_string}\"},\"query-input\":{\"@type\":\"PropertyValueSpecification\",\"valueRequired\":true,\"valueName\":\"search_term_string\"}}],\"inLanguage\":\"es\"},{\"@type\":\"Person\",\"@id\":\"https:\/\/erp-recycling.org\/es-es\/#\/schema\/person\/d4083e833c81e3e6df401f1029e6d1a8\",\"name\":\"bblanco\",\"image\":{\"@type\":\"ImageObject\",\"inLanguage\":\"es\",\"@id\":\"https:\/\/secure.gravatar.com\/avatar\/a1c765a4ea7d7077e6e2323af3bd6fe58700d17ad040489a065200498fce632d?s=96&d=mm&r=g\",\"url\":\"https:\/\/secure.gravatar.com\/avatar\/a1c765a4ea7d7077e6e2323af3bd6fe58700d17ad040489a065200498fce632d?s=96&d=mm&r=g\",\"contentUrl\":\"https:\/\/secure.gravatar.com\/avatar\/a1c765a4ea7d7077e6e2323af3bd6fe58700d17ad040489a065200498fce632d?s=96&d=mm&r=g\",\"caption\":\"bblanco\"},\"url\":\"https:\/\/erp-recycling.org\/es-es\/news-and-events\/author\/bblanco\/\"}]}<\/script>\n<!-- \/ Yoast SEO plugin. -->","yoast_head_json":{"title":"ERP firma convenio con el Ayto de Valladolid","description":"European Recycling Platform (ERP) Espa\u00f1a firma convenio con el Ayuntamiento de Valladolid\u00a0 para la gesti\u00f3n de residuos de pilas port\u00e1tiles","robots":{"index":"index","follow":"follow","max-snippet":"max-snippet:-1","max-image-preview":"max-image-preview:large","max-video-preview":"max-video-preview:-1"},"canonical":"https:\/\/erp-recycling.org\/es-es\/news-and-events\/2024\/05\/convenio-para-la-gestion-de-residuos-de-pilas-portatiles-con-ayuntamiento-valladolid\/","og_locale":"es_ES","og_type":"article","og_title":"ERP firma convenio con el Ayto de Valladolid","og_description":"European Recycling Platform (ERP) Espa\u00f1a firma convenio con el Ayuntamiento de Valladolid\u00a0 para la gesti\u00f3n de residuos de pilas port\u00e1tiles","og_url":"https:\/\/erp-recycling.org\/es-es\/news-and-events\/2024\/05\/convenio-para-la-gestion-de-residuos-de-pilas-portatiles-con-ayuntamiento-valladolid\/","og_site_name":"Spain (ES)","article_published_time":"2024-05-22T16:31:40+00:00","og_image":[{"width":1600,"height":400,"url":"https:\/\/erp-recycling.org\/es-es\/wp-content\/uploads\/sites\/56\/2017\/07\/img-erp-org-old-batteries-to-recycling-578663071-1600x400.jpg","type":"image\/jpeg"}],"author":"bblanco","twitter_card":"summary_large_image","twitter_misc":{"Escrito por":"bblanco","Tiempo de lectura":"1 minuto"},"schema":{"@context":"https:\/\/schema.org","@graph":[{"@type":"Article","@id":"https:\/\/erp-recycling.org\/es-es\/news-and-events\/2024\/05\/convenio-para-la-gestion-de-residuos-de-pilas-portatiles-con-ayuntamiento-valladolid\/#article","isPartOf":{"@id":"https:\/\/erp-recycling.org\/es-es\/news-and-events\/2024\/05\/convenio-para-la-gestion-de-residuos-de-pilas-portatiles-con-ayuntamiento-valladolid\/"},"author":{"name":"bblanco","@id":"https:\/\/erp-recycling.org\/es-es\/#\/schema\/person\/d4083e833c81e3e6df401f1029e6d1a8"},"headline":"Convenio para la gesti\u00f3n de residuos de pilas port\u00e1tiles con Ayuntamiento Valladolid","datePublished":"2024-05-22T16:31:40+00:00","mainEntityOfPage":{"@id":"https:\/\/erp-recycling.org\/es-es\/news-and-events\/2024\/05\/convenio-para-la-gestion-de-residuos-de-pilas-portatiles-con-ayuntamiento-valladolid\/"},"wordCount":59,"image":{"@id":"https:\/\/erp-recycling.org\/es-es\/news-and-events\/2024\/05\/convenio-para-la-gestion-de-residuos-de-pilas-portatiles-con-ayuntamiento-valladolid\/#primaryimage"},"thumbnailUrl":"https:\/\/erp-recycling.org\/es-es\/wp-content\/uploads\/sites\/56\/2017\/07\/img-erp-org-old-batteries-to-recycling-578663071-1600x400.jpg","articleSection":["Noticias"],"inLanguage":"es"},{"@type":"WebPage","@id":"https:\/\/erp-recycling.org\/es-es\/news-and-events\/2024\/05\/convenio-para-la-gestion-de-residuos-de-pilas-portatiles-con-ayuntamiento-valladolid\/","url":"https:\/\/erp-recycling.org\/es-es\/news-and-events\/2024\/05\/convenio-para-la-gestion-de-residuos-de-pilas-portatiles-con-ayuntamiento-valladolid\/","name":"ERP firma convenio con el Ayto de Valladolid","isPartOf":{"@id":"https:\/\/erp-recycling.org\/es-es\/#website"},"primaryImageOfPage":{"@id":"https:\/\/erp-recycling.org\/es-es\/news-and-events\/2024\/05\/convenio-para-la-gestion-de-residuos-de-pilas-portatiles-con-ayuntamiento-valladolid\/#primaryimage"},"image":{"@id":"https:\/\/erp-recycling.org\/es-es\/news-and-events\/2024\/05\/convenio-para-la-gestion-de-residuos-de-pilas-portatiles-con-ayuntamiento-valladolid\/#primaryimage"},"thumbnailUrl":"https:\/\/erp-recycling.org\/es-es\/wp-content\/uploads\/sites\/56\/2017\/07\/img-erp-org-old-batteries-to-recycling-578663071-1600x400.jpg","datePublished":"2024-05-22T16:31:40+00:00","author":{"@id":"https:\/\/erp-recycling.org\/es-es\/#\/schema\/person\/d4083e833c81e3e6df401f1029e6d1a8"},"description":"European Recycling Platform (ERP) Espa\u00f1a firma convenio con el Ayuntamiento de Valladolid\u00a0 para la gesti\u00f3n de residuos de pilas port\u00e1tiles","breadcrumb":{"@id":"https:\/\/erp-recycling.org\/es-es\/news-and-events\/2024\/05\/convenio-para-la-gestion-de-residuos-de-pilas-portatiles-con-ayuntamiento-valladolid\/#breadcrumb"},"inLanguage":"es","potentialAction":[{"@type":"ReadAction","target":["https:\/\/erp-recycling.org\/es-es\/news-and-events\/2024\/05\/convenio-para-la-gestion-de-residuos-de-pilas-portatiles-con-ayuntamiento-valladolid\/"]}]},{"@type":"ImageObject","inLanguage":"es","@id":"https:\/\/erp-recycling.org\/es-es\/news-and-events\/2024\/05\/convenio-para-la-gestion-de-residuos-de-pilas-portatiles-con-ayuntamiento-valladolid\/#primaryimage","url":"https:\/\/erp-recycling.org\/es-es\/wp-content\/uploads\/sites\/56\/2017\/07\/img-erp-org-old-batteries-to-recycling-578663071-1600x400.jpg","contentUrl":"https:\/\/erp-recycling.org\/es-es\/wp-content\/uploads\/sites\/56\/2017\/07\/img-erp-org-old-batteries-to-recycling-578663071-1600x400.jpg","width":1600,"height":400},{"@type":"BreadcrumbList","@id":"https:\/\/erp-recycling.org\/es-es\/news-and-events\/2024\/05\/convenio-para-la-gestion-de-residuos-de-pilas-portatiles-con-ayuntamiento-valladolid\/#breadcrumb","itemListElement":[{"@type":"ListItem","position":1,"name":"Frontpage","item":"https:\/\/erp-recycling.org\/es-es\/"},{"@type":"ListItem","position":2,"name":"Convenio para la gesti\u00f3n de residuos de pilas port\u00e1tiles con Ayuntamiento Valladolid"}]},{"@type":"WebSite","@id":"https:\/\/erp-recycling.org\/es-es\/#website","url":"https:\/\/erp-recycling.org\/es-es\/","name":"Spain (ES)","description":"A company of the Landbell Group","potentialAction":[{"@type":"SearchAction","target":{"@type":"EntryPoint","urlTemplate":"https:\/\/erp-recycling.org\/es-es\/?s={search_term_string}"},"query-input":{"@type":"PropertyValueSpecification","valueRequired":true,"valueName":"search_term_string"}}],"inLanguage":"es"},{"@type":"Person","@id":"https:\/\/erp-recycling.org\/es-es\/#\/schema\/person\/d4083e833c81e3e6df401f1029e6d1a8","name":"bblanco","image":{"@type":"ImageObject","inLanguage":"es","@id":"https:\/\/secure.gravatar.com\/avatar\/a1c765a4ea7d7077e6e2323af3bd6fe58700d17ad040489a065200498fce632d?s=96&d=mm&r=g","url":"https:\/\/secure.gravatar.com\/avatar\/a1c765a4ea7d7077e6e2323af3bd6fe58700d17ad040489a065200498fce632d?s=96&d=mm&r=g","contentUrl":"https:\/\/secure.gravatar.com\/avatar\/a1c765a4ea7d7077e6e2323af3bd6fe58700d17ad040489a065200498fce632d?s=96&d=mm&r=g","caption":"bblanco"},"url":"https:\/\/erp-recycling.org\/es-es\/news-and-events\/author\/bblanco\/"}]}},"_links":{"self":[{"href":"https:\/\/erp-recycling.org\/es-es\/wp-json\/wp\/v2\/posts\/10783","targetHints":{"allow":["GET"]}}],"collection":[{"href":"https:\/\/erp-recycling.org\/es-es\/wp-json\/wp\/v2\/posts"}],"about":[{"href":"https:\/\/erp-recycling.org\/es-es\/wp-json\/wp\/v2\/types\/post"}],"author":[{"embeddable":true,"href":"https:\/\/erp-recycling.org\/es-es\/wp-json\/wp\/v2\/users\/29"}],"replies":[{"embeddable":true,"href":"https:\/\/erp-recycling.org\/es-es\/wp-json\/wp\/v2\/comments?post=10783"}],"version-history":[{"count":1,"href":"https:\/\/erp-recycling.org\/es-es\/wp-json\/wp\/v2\/posts\/10783\/revisions"}],"predecessor-version":[{"id":10784,"href":"https:\/\/erp-recycling.org\/es-es\/wp-json\/wp\/v2\/posts\/10783\/revisions\/10784"}],"wp:featuredmedia":[{"embeddable":true,"href":"https:\/\/erp-recycling.org\/es-es\/wp-json\/wp\/v2\/media\/8406"}],"wp:attachment":[{"href":"https:\/\/erp-recycling.org\/es-es\/wp-json\/wp\/v2\/media?parent=10783"}],"wp:term":[{"taxonomy":"category","embeddable":true,"href":"https:\/\/erp-recycling.org\/es-es\/wp-json\/wp\/v2\/categories?post=10783"},{"taxonomy":"post_tag","embeddable":true,"href":"https:\/\/erp-recycling.org\/es-es\/wp-json\/wp\/v2\/tags?post=10783"}],"curies":[{"name":"wp","href":"https:\/\/api.w.org\/{rel}","templated":true}]}}