{"id":11050,"date":"2024-11-21T10:22:36","date_gmt":"2024-11-21T09:22:36","guid":{"rendered":"https:\/\/erp-recycling.org\/es-es\/?p=11050"},"modified":"2025-02-11T09:06:10","modified_gmt":"2025-02-11T08:06:10","slug":"baleares-impulsa-el-reciclaje-con-somos-gestion-de-residuos","status":"publish","type":"post","link":"https:\/\/erp-recycling.org\/es-es\/news-and-events\/2024\/11\/baleares-impulsa-el-reciclaje-con-somos-gestion-de-residuos\/","title":{"rendered":"Baleares impulsa el reciclaje con la campa\u00f1a \u2018Somos gesti\u00f3n de residuos\u2019"},"content":{"rendered":"<h2>Campa\u00f1a de reciclaje<\/h2>\n<p>Enmarcado en la <a href=\"https:\/\/ewwr.eu\/esp\/\" target=\"_blank\" rel=\"noopener\"><strong>Semana Europea de la Prevenci\u00f3n de Residuos<\/strong><\/a>, se ha presentado la nueva campa\u00f1a de sensibilizaci\u00f3n <strong>\u00abSomos gesti\u00f3n de residuos\u00bb<\/strong>, una iniciativa que busca reforzar la corresponsabilidad en el reciclaje y la <a href=\"https:\/\/erp-recycling.org\/es-es\/actualidad\/economia-circular\/\" target=\"_blank\" rel=\"noopener\">econom\u00eda circular<\/a>.<\/p>\n<h2>Objetivos alineados con la normativa europea<\/h2>\n<p>El prop\u00f3sito de esta campa\u00f1a es claro: intensificar los esfuerzos de todos los agentes involucrados para alcanzar los <strong>objetivos europeos en gesti\u00f3n de residuos<\/strong>, entre los que destacan:<\/p>\n<ul>\n<li><strong>Preparaci\u00f3n para la reutilizaci\u00f3n y reciclaje:<\/strong> 55 % en 2025 y 65 % en 2035.<\/li>\n<li><strong>Reducci\u00f3n de la generaci\u00f3n de residuos:<\/strong> 20 % menos en 2030 respecto a 2010.<\/li>\n<li><strong>Recogida separada:<\/strong> alcanzar un 50 % en 2035.<\/li>\n<\/ul>\n<h2>Los SCRAP trabajando en conjunto<\/h2>\n<p>Coordinada por la Direcci\u00f3n General de Econom\u00eda Circular, Transici\u00f3n Energ\u00e9tica y Cambio Clim\u00e1tico, la campa\u00f1a cuenta con la colaboraci\u00f3n de <strong>11 <a href=\"https:\/\/www.miteco.gob.es\/es\/calidad-y-evaluacion-ambiental\/temas\/prevencion-y-gestion-residuos\/flujos\/responsabilidad-ampliada.html\" target=\"_blank\" rel=\"noopener\">SCRAP<\/a> especializados,\u00a0<\/strong>entre ellos ERP Espa\u00f1a gestionando los residuos de pilas, bater\u00edas y RAEE.<\/p>\n<p>El lema de la campa\u00f1a pone el foco en la importancia de la <strong>corresponsabilidad<\/strong>. Cada actor, desde el Govern hasta los ayuntamientos, pasando por la ciudadan\u00eda, las empresas y las escuelas, desempe\u00f1a un papel esencial para garantizar que los residuos se gestionen de manera adecuada y se reincorporen al ciclo productivo de manera eficiente.<\/p>\n<p>&nbsp;<\/p>\n","protected":false},"excerpt":{"rendered":"<p>Campa\u00f1a de reciclaje Enmarcado en la Semana Europea de la Prevenci\u00f3n de Residuos, se ha presentado la nueva campa\u00f1a de sensibilizaci\u00f3n \u00abSomos gesti\u00f3n de residuos\u00bb, una iniciativa que busca reforzar la corresponsabilidad en el reciclaje y la econom\u00eda circular. Objetivos alineados con la normativa europea El prop\u00f3sito de esta campa\u00f1a es claro: intensificar los esfuerzos<\/p>\n","protected":false},"author":64,"featured_media":11056,"comment_status":"closed","ping_status":"open","sticky":false,"template":"","format":"standard","meta":{"_acf_changed":false,"_monsterinsights_skip_tracking":false,"_monsterinsights_sitenote_active":false,"_monsterinsights_sitenote_note":"","_monsterinsights_sitenote_category":0,"footnotes":""},"categories":[53],"tags":[],"class_list":["post-11050","post","type-post","status-publish","format-standard","has-post-thumbnail","hentry","category-noticias"],"acf":[],"yoast_head":"<!-- This site is optimized with the Yoast SEO plugin v27.2 - https:\/\/yoast.com\/product\/yoast-seo-wordpress\/ -->\n<title>Baleares impulsa el reciclaje con &quot;Somos gesti\u00f3n de residuos&quot;<\/title>\n<meta name=\"description\" content=\"La campa\u00f1a de reciclaje \u00abSomos gesti\u00f3n de residuos\u00bb busca concienciar a la ciudadan\u00eda de la importancia de reciclar y de separar.\" \/>\n<meta name=\"robots\" content=\"index, follow, max-snippet:-1, max-image-preview:large, max-video-preview:-1\" \/>\n<link rel=\"canonical\" href=\"https:\/\/erp-recycling.org\/es-es\/news-and-events\/2024\/11\/baleares-impulsa-el-reciclaje-con-somos-gestion-de-residuos\/\" \/>\n<meta property=\"og:locale\" content=\"es_ES\" \/>\n<meta property=\"og:type\" content=\"article\" \/>\n<meta property=\"og:title\" content=\"Baleares impulsa el reciclaje con &quot;Somos gesti\u00f3n de residuos&quot;\" \/>\n<meta property=\"og:description\" content=\"La campa\u00f1a de reciclaje \u00abSomos gesti\u00f3n de residuos\u00bb busca concienciar a la ciudadan\u00eda de la importancia de reciclar y de separar.\" \/>\n<meta property=\"og:url\" content=\"https:\/\/erp-recycling.org\/es-es\/news-and-events\/2024\/11\/baleares-impulsa-el-reciclaje-con-somos-gestion-de-residuos\/\" \/>\n<meta property=\"og:site_name\" content=\"Spain (ES)\" \/>\n<meta property=\"article:published_time\" content=\"2024-11-21T09:22:36+00:00\" \/>\n<meta property=\"article:modified_time\" content=\"2025-02-11T08:06:10+00:00\" \/>\n<meta property=\"og:image\" content=\"https:\/\/erp-recycling.org\/es-es\/wp-content\/uploads\/sites\/56\/2025\/01\/Campana-Gestion-de-Residuos-Baleares.png\" \/>\n\t<meta property=\"og:image:width\" content=\"1920\" \/>\n\t<meta property=\"og:image:height\" content=\"1080\" \/>\n\t<meta property=\"og:image:type\" content=\"image\/png\" \/>\n<meta name=\"author\" content=\"imedes\" \/>\n<meta name=\"twitter:card\" content=\"summary_large_image\" \/>\n<meta name=\"twitter:label1\" content=\"Escrito por\" \/>\n\t<meta name=\"twitter:data1\" content=\"imedes\" \/>\n\t<meta name=\"twitter:label2\" content=\"Tiempo de lectura\" \/>\n\t<meta name=\"twitter:data2\" content=\"2 minutos\" \/>\n<script type=\"application\/ld+json\" class=\"yoast-schema-graph\">{\"@context\":\"https:\/\/schema.org\",\"@graph\":[{\"@type\":\"Article\",\"@id\":\"https:\/\/erp-recycling.org\/es-es\/news-and-events\/2024\/11\/baleares-impulsa-el-reciclaje-con-somos-gestion-de-residuos\/#article\",\"isPartOf\":{\"@id\":\"https:\/\/erp-recycling.org\/es-es\/news-and-events\/2024\/11\/baleares-impulsa-el-reciclaje-con-somos-gestion-de-residuos\/\"},\"author\":{\"name\":\"imedes\",\"@id\":\"https:\/\/erp-recycling.org\/es-es\/#\/schema\/person\/4ce7101fb7f9f799c67685bdbb83e431\"},\"headline\":\"Baleares impulsa el reciclaje con la campa\u00f1a \u2018Somos gesti\u00f3n de residuos\u2019\",\"datePublished\":\"2024-11-21T09:22:36+00:00\",\"dateModified\":\"2025-02-11T08:06:10+00:00\",\"mainEntityOfPage\":{\"@id\":\"https:\/\/erp-recycling.org\/es-es\/news-and-events\/2024\/11\/baleares-impulsa-el-reciclaje-con-somos-gestion-de-residuos\/\"},\"wordCount\":229,\"image\":{\"@id\":\"https:\/\/erp-recycling.org\/es-es\/news-and-events\/2024\/11\/baleares-impulsa-el-reciclaje-con-somos-gestion-de-residuos\/#primaryimage\"},\"thumbnailUrl\":\"https:\/\/erp-recycling.org\/es-es\/wp-content\/uploads\/sites\/56\/2025\/01\/Campana-Gestion-de-Residuos-Baleares.png\",\"articleSection\":[\"Noticias\"],\"inLanguage\":\"es\"},{\"@type\":\"WebPage\",\"@id\":\"https:\/\/erp-recycling.org\/es-es\/news-and-events\/2024\/11\/baleares-impulsa-el-reciclaje-con-somos-gestion-de-residuos\/\",\"url\":\"https:\/\/erp-recycling.org\/es-es\/news-and-events\/2024\/11\/baleares-impulsa-el-reciclaje-con-somos-gestion-de-residuos\/\",\"name\":\"Baleares impulsa el reciclaje con \\\"Somos gesti\u00f3n de residuos\\\"\",\"isPartOf\":{\"@id\":\"https:\/\/erp-recycling.org\/es-es\/#website\"},\"primaryImageOfPage\":{\"@id\":\"https:\/\/erp-recycling.org\/es-es\/news-and-events\/2024\/11\/baleares-impulsa-el-reciclaje-con-somos-gestion-de-residuos\/#primaryimage\"},\"image\":{\"@id\":\"https:\/\/erp-recycling.org\/es-es\/news-and-events\/2024\/11\/baleares-impulsa-el-reciclaje-con-somos-gestion-de-residuos\/#primaryimage\"},\"thumbnailUrl\":\"https:\/\/erp-recycling.org\/es-es\/wp-content\/uploads\/sites\/56\/2025\/01\/Campana-Gestion-de-Residuos-Baleares.png\",\"datePublished\":\"2024-11-21T09:22:36+00:00\",\"dateModified\":\"2025-02-11T08:06:10+00:00\",\"author\":{\"@id\":\"https:\/\/erp-recycling.org\/es-es\/#\/schema\/person\/4ce7101fb7f9f799c67685bdbb83e431\"},\"description\":\"La campa\u00f1a de reciclaje \u00abSomos gesti\u00f3n de residuos\u00bb busca concienciar a la ciudadan\u00eda de la importancia de reciclar y de separar.\",\"breadcrumb\":{\"@id\":\"https:\/\/erp-recycling.org\/es-es\/news-and-events\/2024\/11\/baleares-impulsa-el-reciclaje-con-somos-gestion-de-residuos\/#breadcrumb\"},\"inLanguage\":\"es\",\"potentialAction\":[{\"@type\":\"ReadAction\",\"target\":[\"https:\/\/erp-recycling.org\/es-es\/news-and-events\/2024\/11\/baleares-impulsa-el-reciclaje-con-somos-gestion-de-residuos\/\"]}]},{\"@type\":\"ImageObject\",\"inLanguage\":\"es\",\"@id\":\"https:\/\/erp-recycling.org\/es-es\/news-and-events\/2024\/11\/baleares-impulsa-el-reciclaje-con-somos-gestion-de-residuos\/#primaryimage\",\"url\":\"https:\/\/erp-recycling.org\/es-es\/wp-content\/uploads\/sites\/56\/2025\/01\/Campana-Gestion-de-Residuos-Baleares.png\",\"contentUrl\":\"https:\/\/erp-recycling.org\/es-es\/wp-content\/uploads\/sites\/56\/2025\/01\/Campana-Gestion-de-Residuos-Baleares.png\",\"width\":1920,\"height\":1080},{\"@type\":\"BreadcrumbList\",\"@id\":\"https:\/\/erp-recycling.org\/es-es\/news-and-events\/2024\/11\/baleares-impulsa-el-reciclaje-con-somos-gestion-de-residuos\/#breadcrumb\",\"itemListElement\":[{\"@type\":\"ListItem\",\"position\":1,\"name\":\"Frontpage\",\"item\":\"https:\/\/erp-recycling.org\/es-es\/\"},{\"@type\":\"ListItem\",\"position\":2,\"name\":\"Baleares impulsa el reciclaje con la campa\u00f1a \u2018Somos gesti\u00f3n de residuos\u2019\"}]},{\"@type\":\"WebSite\",\"@id\":\"https:\/\/erp-recycling.org\/es-es\/#website\",\"url\":\"https:\/\/erp-recycling.org\/es-es\/\",\"name\":\"Spain (ES)\",\"description\":\"A company of the Landbell Group\",\"potentialAction\":[{\"@type\":\"SearchAction\",\"target\":{\"@type\":\"EntryPoint\",\"urlTemplate\":\"https:\/\/erp-recycling.org\/es-es\/?s={search_term_string}\"},\"query-input\":{\"@type\":\"PropertyValueSpecification\",\"valueRequired\":true,\"valueName\":\"search_term_string\"}}],\"inLanguage\":\"es\"},{\"@type\":\"Person\",\"@id\":\"https:\/\/erp-recycling.org\/es-es\/#\/schema\/person\/4ce7101fb7f9f799c67685bdbb83e431\",\"name\":\"imedes\",\"image\":{\"@type\":\"ImageObject\",\"inLanguage\":\"es\",\"@id\":\"https:\/\/secure.gravatar.com\/avatar\/41593c15e5fd1f662026c5f86f3bcb5cd6cb0b63f60382ef1bf5ec25b59d1ad2?s=96&d=mm&r=g\",\"url\":\"https:\/\/secure.gravatar.com\/avatar\/41593c15e5fd1f662026c5f86f3bcb5cd6cb0b63f60382ef1bf5ec25b59d1ad2?s=96&d=mm&r=g\",\"contentUrl\":\"https:\/\/secure.gravatar.com\/avatar\/41593c15e5fd1f662026c5f86f3bcb5cd6cb0b63f60382ef1bf5ec25b59d1ad2?s=96&d=mm&r=g\",\"caption\":\"imedes\"},\"url\":\"https:\/\/erp-recycling.org\/es-es\/news-and-events\/author\/mjchonata\/\"}]}<\/script>\n<!-- \/ Yoast SEO plugin. -->","yoast_head_json":{"title":"Baleares impulsa el reciclaje con \"Somos gesti\u00f3n de residuos\"","description":"La campa\u00f1a de reciclaje \u00abSomos gesti\u00f3n de residuos\u00bb busca concienciar a la ciudadan\u00eda de la importancia de reciclar y de separar.","robots":{"index":"index","follow":"follow","max-snippet":"max-snippet:-1","max-image-preview":"max-image-preview:large","max-video-preview":"max-video-preview:-1"},"canonical":"https:\/\/erp-recycling.org\/es-es\/news-and-events\/2024\/11\/baleares-impulsa-el-reciclaje-con-somos-gestion-de-residuos\/","og_locale":"es_ES","og_type":"article","og_title":"Baleares impulsa el reciclaje con \"Somos gesti\u00f3n de residuos\"","og_description":"La campa\u00f1a de reciclaje \u00abSomos gesti\u00f3n de residuos\u00bb busca concienciar a la ciudadan\u00eda de la importancia de reciclar y de separar.","og_url":"https:\/\/erp-recycling.org\/es-es\/news-and-events\/2024\/11\/baleares-impulsa-el-reciclaje-con-somos-gestion-de-residuos\/","og_site_name":"Spain (ES)","article_published_time":"2024-11-21T09:22:36+00:00","article_modified_time":"2025-02-11T08:06:10+00:00","og_image":[{"width":1920,"height":1080,"url":"https:\/\/erp-recycling.org\/es-es\/wp-content\/uploads\/sites\/56\/2025\/01\/Campana-Gestion-de-Residuos-Baleares.png","type":"image\/png"}],"author":"imedes","twitter_card":"summary_large_image","twitter_misc":{"Escrito por":"imedes","Tiempo de lectura":"2 minutos"},"schema":{"@context":"https:\/\/schema.org","@graph":[{"@type":"Article","@id":"https:\/\/erp-recycling.org\/es-es\/news-and-events\/2024\/11\/baleares-impulsa-el-reciclaje-con-somos-gestion-de-residuos\/#article","isPartOf":{"@id":"https:\/\/erp-recycling.org\/es-es\/news-and-events\/2024\/11\/baleares-impulsa-el-reciclaje-con-somos-gestion-de-residuos\/"},"author":{"name":"imedes","@id":"https:\/\/erp-recycling.org\/es-es\/#\/schema\/person\/4ce7101fb7f9f799c67685bdbb83e431"},"headline":"Baleares impulsa el reciclaje con la campa\u00f1a \u2018Somos gesti\u00f3n de residuos\u2019","datePublished":"2024-11-21T09:22:36+00:00","dateModified":"2025-02-11T08:06:10+00:00","mainEntityOfPage":{"@id":"https:\/\/erp-recycling.org\/es-es\/news-and-events\/2024\/11\/baleares-impulsa-el-reciclaje-con-somos-gestion-de-residuos\/"},"wordCount":229,"image":{"@id":"https:\/\/erp-recycling.org\/es-es\/news-and-events\/2024\/11\/baleares-impulsa-el-reciclaje-con-somos-gestion-de-residuos\/#primaryimage"},"thumbnailUrl":"https:\/\/erp-recycling.org\/es-es\/wp-content\/uploads\/sites\/56\/2025\/01\/Campana-Gestion-de-Residuos-Baleares.png","articleSection":["Noticias"],"inLanguage":"es"},{"@type":"WebPage","@id":"https:\/\/erp-recycling.org\/es-es\/news-and-events\/2024\/11\/baleares-impulsa-el-reciclaje-con-somos-gestion-de-residuos\/","url":"https:\/\/erp-recycling.org\/es-es\/news-and-events\/2024\/11\/baleares-impulsa-el-reciclaje-con-somos-gestion-de-residuos\/","name":"Baleares impulsa el reciclaje con \"Somos gesti\u00f3n de residuos\"","isPartOf":{"@id":"https:\/\/erp-recycling.org\/es-es\/#website"},"primaryImageOfPage":{"@id":"https:\/\/erp-recycling.org\/es-es\/news-and-events\/2024\/11\/baleares-impulsa-el-reciclaje-con-somos-gestion-de-residuos\/#primaryimage"},"image":{"@id":"https:\/\/erp-recycling.org\/es-es\/news-and-events\/2024\/11\/baleares-impulsa-el-reciclaje-con-somos-gestion-de-residuos\/#primaryimage"},"thumbnailUrl":"https:\/\/erp-recycling.org\/es-es\/wp-content\/uploads\/sites\/56\/2025\/01\/Campana-Gestion-de-Residuos-Baleares.png","datePublished":"2024-11-21T09:22:36+00:00","dateModified":"2025-02-11T08:06:10+00:00","author":{"@id":"https:\/\/erp-recycling.org\/es-es\/#\/schema\/person\/4ce7101fb7f9f799c67685bdbb83e431"},"description":"La campa\u00f1a de reciclaje \u00abSomos gesti\u00f3n de residuos\u00bb busca concienciar a la ciudadan\u00eda de la importancia de reciclar y de separar.","breadcrumb":{"@id":"https:\/\/erp-recycling.org\/es-es\/news-and-events\/2024\/11\/baleares-impulsa-el-reciclaje-con-somos-gestion-de-residuos\/#breadcrumb"},"inLanguage":"es","potentialAction":[{"@type":"ReadAction","target":["https:\/\/erp-recycling.org\/es-es\/news-and-events\/2024\/11\/baleares-impulsa-el-reciclaje-con-somos-gestion-de-residuos\/"]}]},{"@type":"ImageObject","inLanguage":"es","@id":"https:\/\/erp-recycling.org\/es-es\/news-and-events\/2024\/11\/baleares-impulsa-el-reciclaje-con-somos-gestion-de-residuos\/#primaryimage","url":"https:\/\/erp-recycling.org\/es-es\/wp-content\/uploads\/sites\/56\/2025\/01\/Campana-Gestion-de-Residuos-Baleares.png","contentUrl":"https:\/\/erp-recycling.org\/es-es\/wp-content\/uploads\/sites\/56\/2025\/01\/Campana-Gestion-de-Residuos-Baleares.png","width":1920,"height":1080},{"@type":"BreadcrumbList","@id":"https:\/\/erp-recycling.org\/es-es\/news-and-events\/2024\/11\/baleares-impulsa-el-reciclaje-con-somos-gestion-de-residuos\/#breadcrumb","itemListElement":[{"@type":"ListItem","position":1,"name":"Frontpage","item":"https:\/\/erp-recycling.org\/es-es\/"},{"@type":"ListItem","position":2,"name":"Baleares impulsa el reciclaje con la campa\u00f1a \u2018Somos gesti\u00f3n de residuos\u2019"}]},{"@type":"WebSite","@id":"https:\/\/erp-recycling.org\/es-es\/#website","url":"https:\/\/erp-recycling.org\/es-es\/","name":"Spain (ES)","description":"A company of the Landbell Group","potentialAction":[{"@type":"SearchAction","target":{"@type":"EntryPoint","urlTemplate":"https:\/\/erp-recycling.org\/es-es\/?s={search_term_string}"},"query-input":{"@type":"PropertyValueSpecification","valueRequired":true,"valueName":"search_term_string"}}],"inLanguage":"es"},{"@type":"Person","@id":"https:\/\/erp-recycling.org\/es-es\/#\/schema\/person\/4ce7101fb7f9f799c67685bdbb83e431","name":"imedes","image":{"@type":"ImageObject","inLanguage":"es","@id":"https:\/\/secure.gravatar.com\/avatar\/41593c15e5fd1f662026c5f86f3bcb5cd6cb0b63f60382ef1bf5ec25b59d1ad2?s=96&d=mm&r=g","url":"https:\/\/secure.gravatar.com\/avatar\/41593c15e5fd1f662026c5f86f3bcb5cd6cb0b63f60382ef1bf5ec25b59d1ad2?s=96&d=mm&r=g","contentUrl":"https:\/\/secure.gravatar.com\/avatar\/41593c15e5fd1f662026c5f86f3bcb5cd6cb0b63f60382ef1bf5ec25b59d1ad2?s=96&d=mm&r=g","caption":"imedes"},"url":"https:\/\/erp-recycling.org\/es-es\/news-and-events\/author\/mjchonata\/"}]}},"_links":{"self":[{"href":"https:\/\/erp-recycling.org\/es-es\/wp-json\/wp\/v2\/posts\/11050","targetHints":{"allow":["GET"]}}],"collection":[{"href":"https:\/\/erp-recycling.org\/es-es\/wp-json\/wp\/v2\/posts"}],"about":[{"href":"https:\/\/erp-recycling.org\/es-es\/wp-json\/wp\/v2\/types\/post"}],"author":[{"embeddable":true,"href":"https:\/\/erp-recycling.org\/es-es\/wp-json\/wp\/v2\/users\/64"}],"replies":[{"embeddable":true,"href":"https:\/\/erp-recycling.org\/es-es\/wp-json\/wp\/v2\/comments?post=11050"}],"version-history":[{"count":5,"href":"https:\/\/erp-recycling.org\/es-es\/wp-json\/wp\/v2\/posts\/11050\/revisions"}],"predecessor-version":[{"id":11132,"href":"https:\/\/erp-recycling.org\/es-es\/wp-json\/wp\/v2\/posts\/11050\/revisions\/11132"}],"wp:featuredmedia":[{"embeddable":true,"href":"https:\/\/erp-recycling.org\/es-es\/wp-json\/wp\/v2\/media\/11056"}],"wp:attachment":[{"href":"https:\/\/erp-recycling.org\/es-es\/wp-json\/wp\/v2\/media?parent=11050"}],"wp:term":[{"taxonomy":"category","embeddable":true,"href":"https:\/\/erp-recycling.org\/es-es\/wp-json\/wp\/v2\/categories?post=11050"},{"taxonomy":"post_tag","embeddable":true,"href":"https:\/\/erp-recycling.org\/es-es\/wp-json\/wp\/v2\/tags?post=11050"}],"curies":[{"name":"wp","href":"https:\/\/api.w.org\/{rel}","templated":true}]}}