{"id":11472,"date":"2025-06-25T14:47:50","date_gmt":"2025-06-25T12:47:50","guid":{"rendered":"https:\/\/erp-recycling.org\/es-es\/?p=11472"},"modified":"2025-06-25T14:48:09","modified_gmt":"2025-06-25T12:48:09","slug":"erp-participa-en-curso-de-verano-economia-circular-y-gestion-eficiente-de-residuos","status":"publish","type":"post","link":"https:\/\/erp-recycling.org\/es-es\/news-and-events\/2025\/06\/erp-participa-en-curso-de-verano-economia-circular-y-gestion-eficiente-de-residuos\/","title":{"rendered":"ERP participa en la tercera edici\u00f3n del Curso de Verano \u201cEconom\u00eda Circular y Gesti\u00f3n Eficiente de Residuos\u201d"},"content":{"rendered":"<p><strong>Laura Alonso<\/strong>, directora general de <a href=\"https:\/\/erp-recycling.org\/es-es\/\" target=\"_blank\" rel=\"noopener\">European Recycling Platform (ERP) Espa\u00f1a<\/a>, ha participado en la tercera edici\u00f3n del Curso de Verano \u201cEconom\u00eda Circular y Gesti\u00f3n Eficiente de Residuos\u201d de la <a href=\"https:\/\/economiacircular-fuenlabrada-urjc.com\/\" target=\"_blank\" rel=\"noopener\"><strong>C\u00e1tedra de Econom\u00eda Circular de la Universidad Rey Juan Carlos<\/strong><\/a> en Fuenlabrada. En su intervenci\u00f3n, ha abordado alguno de los <strong>retos m\u00e1s relevantes en la <a href=\"https:\/\/erp-recycling.org\/es-es\/que-hacemos\/flujos-de-residuos\/raee\/\" target=\"_blank\" rel=\"noopener\">gesti\u00f3n de los residuos de aparatos el\u00e9ctricos y electr\u00f3nicos (RAEE)<\/a><\/strong>, en un contexto marcado por la transformaci\u00f3n tecnol\u00f3gica, la evoluci\u00f3n del mercado y la aparici\u00f3n de nuevos productos de consumo.<\/p>\n<h2><strong>La nueva generaci\u00f3n de RAEE<\/strong><\/h2>\n<p>Est\u00e1 claro que la tecnolog\u00eda avanza vertiginosamente, y esto supone una diversidad de dispositivos de uso diario. Productos como vapeadores, medidores de glucosa o los dispositivos inteligentes de uso m\u00e9dico y dom\u00e9stico, patinetes el\u00e9ctricos\u2026 plantean una nueva realidad en su fin de vida \u00fatil. No se trata solo de<strong> nuevas tipolog\u00edas de residuos<\/strong>, sino de residuos con caracter\u00edsticas t\u00e9cnicas, qu\u00edmicas y normativas propias, que requieren una gesti\u00f3n espec\u00edfica.<\/p>\n<p>Hay otros productos que llevan el mercado varios a\u00f1os como los cartuchos y t\u00f3neres de impresi\u00f3n, cuya composici\u00f3n implica riesgos ambientales concretos, contin\u00faan representando un reto importante para la correcta clasificaci\u00f3n, recogida y tratamiento.<\/p>\n<h2><strong>La cadena de gesti\u00f3n es un reto compartido<\/strong><\/h2>\n<p>Laura Alonso ha explicado que estos nuevos flujos de residuos no solo afectan al consumidor final, sino que tienen implicaciones directas para todos los agentes involucrados en la cadena de gesti\u00f3n (log\u00edsticos, gestores, plantas de tratamiento y SCRAP).<\/p>\n<h2><strong>\u00bfC\u00f3mo aseguramos una correcta gesti\u00f3n?<\/strong><\/h2>\n<ul>\n<li>Recogida ad hoc separada (canal propio, contenedores propios)<\/li>\n<li>Ambos tienen un tratamiento espec\u00edfico, bien porque se tratan en plantas espec\u00edficas autorizadas o porque necesitan una descontaminaci\u00f3n previa (Anexo XIII R.D)<\/li>\n<li>Creaci\u00f3n de c\u00f3digos LER espec\u00edficos<\/li>\n<li>Correcta asignaci\u00f3n de responsabilidades (quien contamina paga) \u2013 Objetivos espec\u00edficos<\/li>\n<li>Uniformidad de criterios por parte de todos los agentes involucrados<\/li>\n<\/ul>\n","protected":false},"excerpt":{"rendered":"<p>Laura Alonso, directora general de European Recycling Platform (ERP) Espa\u00f1a, ha participado en la tercera edici\u00f3n del Curso de Verano \u201cEconom\u00eda Circular y Gesti\u00f3n Eficiente de Residuos\u201d de la C\u00e1tedra de Econom\u00eda Circular de la Universidad Rey Juan Carlos en Fuenlabrada. En su intervenci\u00f3n, ha abordado alguno de los retos m\u00e1s relevantes en la gesti\u00f3n<\/p>\n","protected":false},"author":64,"featured_media":11473,"comment_status":"closed","ping_status":"open","sticky":false,"template":"","format":"standard","meta":{"_acf_changed":false,"_monsterinsights_skip_tracking":false,"_monsterinsights_sitenote_active":false,"_monsterinsights_sitenote_note":"","_monsterinsights_sitenote_category":0,"footnotes":""},"categories":[53],"tags":[],"class_list":["post-11472","post","type-post","status-publish","format-standard","has-post-thumbnail","hentry","category-noticias"],"acf":[],"yoast_head":"<!-- This site is optimized with the Yoast SEO plugin v27.2 - https:\/\/yoast.com\/product\/yoast-seo-wordpress\/ -->\n<title>ERP en \u201cEconom\u00eda Circular y Gesti\u00f3n Eficiente de Residuos\u201d<\/title>\n<meta name=\"description\" content=\"ERP ha participado en el curso de Verano \u201cEconom\u00eda Circular y Gesti\u00f3n Eficiente de Residuos\u201d de la C\u00e1tedra de Econom\u00eda Circular de la URJC.\" \/>\n<meta name=\"robots\" content=\"index, follow, max-snippet:-1, max-image-preview:large, max-video-preview:-1\" \/>\n<link rel=\"canonical\" href=\"https:\/\/erp-recycling.org\/es-es\/news-and-events\/2025\/06\/erp-participa-en-curso-de-verano-economia-circular-y-gestion-eficiente-de-residuos\/\" \/>\n<meta property=\"og:locale\" content=\"es_ES\" \/>\n<meta property=\"og:type\" content=\"article\" \/>\n<meta property=\"og:title\" content=\"ERP en \u201cEconom\u00eda Circular y Gesti\u00f3n Eficiente de Residuos\u201d\" \/>\n<meta property=\"og:description\" content=\"ERP ha participado en el curso de Verano \u201cEconom\u00eda Circular y Gesti\u00f3n Eficiente de Residuos\u201d de la C\u00e1tedra de Econom\u00eda Circular de la URJC.\" \/>\n<meta property=\"og:url\" content=\"https:\/\/erp-recycling.org\/es-es\/news-and-events\/2025\/06\/erp-participa-en-curso-de-verano-economia-circular-y-gestion-eficiente-de-residuos\/\" \/>\n<meta property=\"og:site_name\" content=\"Spain (ES)\" \/>\n<meta property=\"article:published_time\" content=\"2025-06-25T12:47:50+00:00\" \/>\n<meta property=\"article:modified_time\" content=\"2025-06-25T12:48:09+00:00\" \/>\n<meta property=\"og:image\" content=\"https:\/\/erp-recycling.org\/es-es\/wp-content\/uploads\/sites\/56\/2025\/06\/Imagen-de-WhatsApp-2025-06-24-a-las-18.33.06_38c56670-scaled.jpg\" \/>\n\t<meta property=\"og:image:width\" content=\"2560\" \/>\n\t<meta property=\"og:image:height\" content=\"1441\" \/>\n\t<meta property=\"og:image:type\" content=\"image\/jpeg\" \/>\n<meta name=\"author\" content=\"imedes\" \/>\n<meta name=\"twitter:card\" content=\"summary_large_image\" \/>\n<meta name=\"twitter:label1\" content=\"Escrito por\" \/>\n\t<meta name=\"twitter:data1\" content=\"imedes\" \/>\n\t<meta name=\"twitter:label2\" content=\"Tiempo de lectura\" \/>\n\t<meta name=\"twitter:data2\" content=\"2 minutos\" \/>\n<script type=\"application\/ld+json\" class=\"yoast-schema-graph\">{\"@context\":\"https:\/\/schema.org\",\"@graph\":[{\"@type\":\"Article\",\"@id\":\"https:\/\/erp-recycling.org\/es-es\/news-and-events\/2025\/06\/erp-participa-en-curso-de-verano-economia-circular-y-gestion-eficiente-de-residuos\/#article\",\"isPartOf\":{\"@id\":\"https:\/\/erp-recycling.org\/es-es\/news-and-events\/2025\/06\/erp-participa-en-curso-de-verano-economia-circular-y-gestion-eficiente-de-residuos\/\"},\"author\":{\"name\":\"imedes\",\"@id\":\"https:\/\/erp-recycling.org\/es-es\/#\/schema\/person\/4ce7101fb7f9f799c67685bdbb83e431\"},\"headline\":\"ERP participa en la tercera edici\u00f3n del Curso de Verano \u201cEconom\u00eda Circular y Gesti\u00f3n Eficiente de Residuos\u201d\",\"datePublished\":\"2025-06-25T12:47:50+00:00\",\"dateModified\":\"2025-06-25T12:48:09+00:00\",\"mainEntityOfPage\":{\"@id\":\"https:\/\/erp-recycling.org\/es-es\/news-and-events\/2025\/06\/erp-participa-en-curso-de-verano-economia-circular-y-gestion-eficiente-de-residuos\/\"},\"wordCount\":362,\"image\":{\"@id\":\"https:\/\/erp-recycling.org\/es-es\/news-and-events\/2025\/06\/erp-participa-en-curso-de-verano-economia-circular-y-gestion-eficiente-de-residuos\/#primaryimage\"},\"thumbnailUrl\":\"https:\/\/erp-recycling.org\/es-es\/wp-content\/uploads\/sites\/56\/2025\/06\/Imagen-de-WhatsApp-2025-06-24-a-las-18.33.06_38c56670-scaled.jpg\",\"articleSection\":[\"Noticias\"],\"inLanguage\":\"es\"},{\"@type\":\"WebPage\",\"@id\":\"https:\/\/erp-recycling.org\/es-es\/news-and-events\/2025\/06\/erp-participa-en-curso-de-verano-economia-circular-y-gestion-eficiente-de-residuos\/\",\"url\":\"https:\/\/erp-recycling.org\/es-es\/news-and-events\/2025\/06\/erp-participa-en-curso-de-verano-economia-circular-y-gestion-eficiente-de-residuos\/\",\"name\":\"ERP en \u201cEconom\u00eda Circular y Gesti\u00f3n Eficiente de Residuos\u201d\",\"isPartOf\":{\"@id\":\"https:\/\/erp-recycling.org\/es-es\/#website\"},\"primaryImageOfPage\":{\"@id\":\"https:\/\/erp-recycling.org\/es-es\/news-and-events\/2025\/06\/erp-participa-en-curso-de-verano-economia-circular-y-gestion-eficiente-de-residuos\/#primaryimage\"},\"image\":{\"@id\":\"https:\/\/erp-recycling.org\/es-es\/news-and-events\/2025\/06\/erp-participa-en-curso-de-verano-economia-circular-y-gestion-eficiente-de-residuos\/#primaryimage\"},\"thumbnailUrl\":\"https:\/\/erp-recycling.org\/es-es\/wp-content\/uploads\/sites\/56\/2025\/06\/Imagen-de-WhatsApp-2025-06-24-a-las-18.33.06_38c56670-scaled.jpg\",\"datePublished\":\"2025-06-25T12:47:50+00:00\",\"dateModified\":\"2025-06-25T12:48:09+00:00\",\"author\":{\"@id\":\"https:\/\/erp-recycling.org\/es-es\/#\/schema\/person\/4ce7101fb7f9f799c67685bdbb83e431\"},\"description\":\"ERP ha participado en el curso de Verano \u201cEconom\u00eda Circular y Gesti\u00f3n Eficiente de Residuos\u201d de la C\u00e1tedra de Econom\u00eda Circular de la URJC.\",\"breadcrumb\":{\"@id\":\"https:\/\/erp-recycling.org\/es-es\/news-and-events\/2025\/06\/erp-participa-en-curso-de-verano-economia-circular-y-gestion-eficiente-de-residuos\/#breadcrumb\"},\"inLanguage\":\"es\",\"potentialAction\":[{\"@type\":\"ReadAction\",\"target\":[\"https:\/\/erp-recycling.org\/es-es\/news-and-events\/2025\/06\/erp-participa-en-curso-de-verano-economia-circular-y-gestion-eficiente-de-residuos\/\"]}]},{\"@type\":\"ImageObject\",\"inLanguage\":\"es\",\"@id\":\"https:\/\/erp-recycling.org\/es-es\/news-and-events\/2025\/06\/erp-participa-en-curso-de-verano-economia-circular-y-gestion-eficiente-de-residuos\/#primaryimage\",\"url\":\"https:\/\/erp-recycling.org\/es-es\/wp-content\/uploads\/sites\/56\/2025\/06\/Imagen-de-WhatsApp-2025-06-24-a-las-18.33.06_38c56670-scaled.jpg\",\"contentUrl\":\"https:\/\/erp-recycling.org\/es-es\/wp-content\/uploads\/sites\/56\/2025\/06\/Imagen-de-WhatsApp-2025-06-24-a-las-18.33.06_38c56670-scaled.jpg\",\"width\":2560,\"height\":1441,\"caption\":\"Verano \u201cEconom\u00eda Circular y Gesti\u00f3n Eficiente de Residuos\u201d\"},{\"@type\":\"BreadcrumbList\",\"@id\":\"https:\/\/erp-recycling.org\/es-es\/news-and-events\/2025\/06\/erp-participa-en-curso-de-verano-economia-circular-y-gestion-eficiente-de-residuos\/#breadcrumb\",\"itemListElement\":[{\"@type\":\"ListItem\",\"position\":1,\"name\":\"Frontpage\",\"item\":\"https:\/\/erp-recycling.org\/es-es\/\"},{\"@type\":\"ListItem\",\"position\":2,\"name\":\"ERP participa en la tercera edici\u00f3n del Curso de Verano \u201cEconom\u00eda Circular y Gesti\u00f3n Eficiente de Residuos\u201d\"}]},{\"@type\":\"WebSite\",\"@id\":\"https:\/\/erp-recycling.org\/es-es\/#website\",\"url\":\"https:\/\/erp-recycling.org\/es-es\/\",\"name\":\"Spain (ES)\",\"description\":\"A company of the Landbell Group\",\"potentialAction\":[{\"@type\":\"SearchAction\",\"target\":{\"@type\":\"EntryPoint\",\"urlTemplate\":\"https:\/\/erp-recycling.org\/es-es\/?s={search_term_string}\"},\"query-input\":{\"@type\":\"PropertyValueSpecification\",\"valueRequired\":true,\"valueName\":\"search_term_string\"}}],\"inLanguage\":\"es\"},{\"@type\":\"Person\",\"@id\":\"https:\/\/erp-recycling.org\/es-es\/#\/schema\/person\/4ce7101fb7f9f799c67685bdbb83e431\",\"name\":\"imedes\",\"image\":{\"@type\":\"ImageObject\",\"inLanguage\":\"es\",\"@id\":\"https:\/\/secure.gravatar.com\/avatar\/41593c15e5fd1f662026c5f86f3bcb5cd6cb0b63f60382ef1bf5ec25b59d1ad2?s=96&d=mm&r=g\",\"url\":\"https:\/\/secure.gravatar.com\/avatar\/41593c15e5fd1f662026c5f86f3bcb5cd6cb0b63f60382ef1bf5ec25b59d1ad2?s=96&d=mm&r=g\",\"contentUrl\":\"https:\/\/secure.gravatar.com\/avatar\/41593c15e5fd1f662026c5f86f3bcb5cd6cb0b63f60382ef1bf5ec25b59d1ad2?s=96&d=mm&r=g\",\"caption\":\"imedes\"},\"url\":\"https:\/\/erp-recycling.org\/es-es\/news-and-events\/author\/mjchonata\/\"}]}<\/script>\n<!-- \/ Yoast SEO plugin. -->","yoast_head_json":{"title":"ERP en \u201cEconom\u00eda Circular y Gesti\u00f3n Eficiente de Residuos\u201d","description":"ERP ha participado en el curso de Verano \u201cEconom\u00eda Circular y Gesti\u00f3n Eficiente de Residuos\u201d de la C\u00e1tedra de Econom\u00eda Circular de la URJC.","robots":{"index":"index","follow":"follow","max-snippet":"max-snippet:-1","max-image-preview":"max-image-preview:large","max-video-preview":"max-video-preview:-1"},"canonical":"https:\/\/erp-recycling.org\/es-es\/news-and-events\/2025\/06\/erp-participa-en-curso-de-verano-economia-circular-y-gestion-eficiente-de-residuos\/","og_locale":"es_ES","og_type":"article","og_title":"ERP en \u201cEconom\u00eda Circular y Gesti\u00f3n Eficiente de Residuos\u201d","og_description":"ERP ha participado en el curso de Verano \u201cEconom\u00eda Circular y Gesti\u00f3n Eficiente de Residuos\u201d de la C\u00e1tedra de Econom\u00eda Circular de la URJC.","og_url":"https:\/\/erp-recycling.org\/es-es\/news-and-events\/2025\/06\/erp-participa-en-curso-de-verano-economia-circular-y-gestion-eficiente-de-residuos\/","og_site_name":"Spain (ES)","article_published_time":"2025-06-25T12:47:50+00:00","article_modified_time":"2025-06-25T12:48:09+00:00","og_image":[{"width":2560,"height":1441,"url":"https:\/\/erp-recycling.org\/es-es\/wp-content\/uploads\/sites\/56\/2025\/06\/Imagen-de-WhatsApp-2025-06-24-a-las-18.33.06_38c56670-scaled.jpg","type":"image\/jpeg"}],"author":"imedes","twitter_card":"summary_large_image","twitter_misc":{"Escrito por":"imedes","Tiempo de lectura":"2 minutos"},"schema":{"@context":"https:\/\/schema.org","@graph":[{"@type":"Article","@id":"https:\/\/erp-recycling.org\/es-es\/news-and-events\/2025\/06\/erp-participa-en-curso-de-verano-economia-circular-y-gestion-eficiente-de-residuos\/#article","isPartOf":{"@id":"https:\/\/erp-recycling.org\/es-es\/news-and-events\/2025\/06\/erp-participa-en-curso-de-verano-economia-circular-y-gestion-eficiente-de-residuos\/"},"author":{"name":"imedes","@id":"https:\/\/erp-recycling.org\/es-es\/#\/schema\/person\/4ce7101fb7f9f799c67685bdbb83e431"},"headline":"ERP participa en la tercera edici\u00f3n del Curso de Verano \u201cEconom\u00eda Circular y Gesti\u00f3n Eficiente de Residuos\u201d","datePublished":"2025-06-25T12:47:50+00:00","dateModified":"2025-06-25T12:48:09+00:00","mainEntityOfPage":{"@id":"https:\/\/erp-recycling.org\/es-es\/news-and-events\/2025\/06\/erp-participa-en-curso-de-verano-economia-circular-y-gestion-eficiente-de-residuos\/"},"wordCount":362,"image":{"@id":"https:\/\/erp-recycling.org\/es-es\/news-and-events\/2025\/06\/erp-participa-en-curso-de-verano-economia-circular-y-gestion-eficiente-de-residuos\/#primaryimage"},"thumbnailUrl":"https:\/\/erp-recycling.org\/es-es\/wp-content\/uploads\/sites\/56\/2025\/06\/Imagen-de-WhatsApp-2025-06-24-a-las-18.33.06_38c56670-scaled.jpg","articleSection":["Noticias"],"inLanguage":"es"},{"@type":"WebPage","@id":"https:\/\/erp-recycling.org\/es-es\/news-and-events\/2025\/06\/erp-participa-en-curso-de-verano-economia-circular-y-gestion-eficiente-de-residuos\/","url":"https:\/\/erp-recycling.org\/es-es\/news-and-events\/2025\/06\/erp-participa-en-curso-de-verano-economia-circular-y-gestion-eficiente-de-residuos\/","name":"ERP en \u201cEconom\u00eda Circular y Gesti\u00f3n Eficiente de Residuos\u201d","isPartOf":{"@id":"https:\/\/erp-recycling.org\/es-es\/#website"},"primaryImageOfPage":{"@id":"https:\/\/erp-recycling.org\/es-es\/news-and-events\/2025\/06\/erp-participa-en-curso-de-verano-economia-circular-y-gestion-eficiente-de-residuos\/#primaryimage"},"image":{"@id":"https:\/\/erp-recycling.org\/es-es\/news-and-events\/2025\/06\/erp-participa-en-curso-de-verano-economia-circular-y-gestion-eficiente-de-residuos\/#primaryimage"},"thumbnailUrl":"https:\/\/erp-recycling.org\/es-es\/wp-content\/uploads\/sites\/56\/2025\/06\/Imagen-de-WhatsApp-2025-06-24-a-las-18.33.06_38c56670-scaled.jpg","datePublished":"2025-06-25T12:47:50+00:00","dateModified":"2025-06-25T12:48:09+00:00","author":{"@id":"https:\/\/erp-recycling.org\/es-es\/#\/schema\/person\/4ce7101fb7f9f799c67685bdbb83e431"},"description":"ERP ha participado en el curso de Verano \u201cEconom\u00eda Circular y Gesti\u00f3n Eficiente de Residuos\u201d de la C\u00e1tedra de Econom\u00eda Circular de la URJC.","breadcrumb":{"@id":"https:\/\/erp-recycling.org\/es-es\/news-and-events\/2025\/06\/erp-participa-en-curso-de-verano-economia-circular-y-gestion-eficiente-de-residuos\/#breadcrumb"},"inLanguage":"es","potentialAction":[{"@type":"ReadAction","target":["https:\/\/erp-recycling.org\/es-es\/news-and-events\/2025\/06\/erp-participa-en-curso-de-verano-economia-circular-y-gestion-eficiente-de-residuos\/"]}]},{"@type":"ImageObject","inLanguage":"es","@id":"https:\/\/erp-recycling.org\/es-es\/news-and-events\/2025\/06\/erp-participa-en-curso-de-verano-economia-circular-y-gestion-eficiente-de-residuos\/#primaryimage","url":"https:\/\/erp-recycling.org\/es-es\/wp-content\/uploads\/sites\/56\/2025\/06\/Imagen-de-WhatsApp-2025-06-24-a-las-18.33.06_38c56670-scaled.jpg","contentUrl":"https:\/\/erp-recycling.org\/es-es\/wp-content\/uploads\/sites\/56\/2025\/06\/Imagen-de-WhatsApp-2025-06-24-a-las-18.33.06_38c56670-scaled.jpg","width":2560,"height":1441,"caption":"Verano \u201cEconom\u00eda Circular y Gesti\u00f3n Eficiente de Residuos\u201d"},{"@type":"BreadcrumbList","@id":"https:\/\/erp-recycling.org\/es-es\/news-and-events\/2025\/06\/erp-participa-en-curso-de-verano-economia-circular-y-gestion-eficiente-de-residuos\/#breadcrumb","itemListElement":[{"@type":"ListItem","position":1,"name":"Frontpage","item":"https:\/\/erp-recycling.org\/es-es\/"},{"@type":"ListItem","position":2,"name":"ERP participa en la tercera edici\u00f3n del Curso de Verano \u201cEconom\u00eda Circular y Gesti\u00f3n Eficiente de Residuos\u201d"}]},{"@type":"WebSite","@id":"https:\/\/erp-recycling.org\/es-es\/#website","url":"https:\/\/erp-recycling.org\/es-es\/","name":"Spain (ES)","description":"A company of the Landbell Group","potentialAction":[{"@type":"SearchAction","target":{"@type":"EntryPoint","urlTemplate":"https:\/\/erp-recycling.org\/es-es\/?s={search_term_string}"},"query-input":{"@type":"PropertyValueSpecification","valueRequired":true,"valueName":"search_term_string"}}],"inLanguage":"es"},{"@type":"Person","@id":"https:\/\/erp-recycling.org\/es-es\/#\/schema\/person\/4ce7101fb7f9f799c67685bdbb83e431","name":"imedes","image":{"@type":"ImageObject","inLanguage":"es","@id":"https:\/\/secure.gravatar.com\/avatar\/41593c15e5fd1f662026c5f86f3bcb5cd6cb0b63f60382ef1bf5ec25b59d1ad2?s=96&d=mm&r=g","url":"https:\/\/secure.gravatar.com\/avatar\/41593c15e5fd1f662026c5f86f3bcb5cd6cb0b63f60382ef1bf5ec25b59d1ad2?s=96&d=mm&r=g","contentUrl":"https:\/\/secure.gravatar.com\/avatar\/41593c15e5fd1f662026c5f86f3bcb5cd6cb0b63f60382ef1bf5ec25b59d1ad2?s=96&d=mm&r=g","caption":"imedes"},"url":"https:\/\/erp-recycling.org\/es-es\/news-and-events\/author\/mjchonata\/"}]}},"_links":{"self":[{"href":"https:\/\/erp-recycling.org\/es-es\/wp-json\/wp\/v2\/posts\/11472","targetHints":{"allow":["GET"]}}],"collection":[{"href":"https:\/\/erp-recycling.org\/es-es\/wp-json\/wp\/v2\/posts"}],"about":[{"href":"https:\/\/erp-recycling.org\/es-es\/wp-json\/wp\/v2\/types\/post"}],"author":[{"embeddable":true,"href":"https:\/\/erp-recycling.org\/es-es\/wp-json\/wp\/v2\/users\/64"}],"replies":[{"embeddable":true,"href":"https:\/\/erp-recycling.org\/es-es\/wp-json\/wp\/v2\/comments?post=11472"}],"version-history":[{"count":2,"href":"https:\/\/erp-recycling.org\/es-es\/wp-json\/wp\/v2\/posts\/11472\/revisions"}],"predecessor-version":[{"id":11475,"href":"https:\/\/erp-recycling.org\/es-es\/wp-json\/wp\/v2\/posts\/11472\/revisions\/11475"}],"wp:featuredmedia":[{"embeddable":true,"href":"https:\/\/erp-recycling.org\/es-es\/wp-json\/wp\/v2\/media\/11473"}],"wp:attachment":[{"href":"https:\/\/erp-recycling.org\/es-es\/wp-json\/wp\/v2\/media?parent=11472"}],"wp:term":[{"taxonomy":"category","embeddable":true,"href":"https:\/\/erp-recycling.org\/es-es\/wp-json\/wp\/v2\/categories?post=11472"},{"taxonomy":"post_tag","embeddable":true,"href":"https:\/\/erp-recycling.org\/es-es\/wp-json\/wp\/v2\/tags?post=11472"}],"curies":[{"name":"wp","href":"https:\/\/api.w.org\/{rel}","templated":true}]}}