{"id":10176,"date":"2026-03-25T11:09:52","date_gmt":"2026-03-25T10:09:52","guid":{"rendered":"https:\/\/erp-recycling.org\/pl-pl\/?p=10176"},"modified":"2026-03-25T11:09:52","modified_gmt":"2026-03-25T10:09:52","slug":"moda-na-recykling-4","status":"publish","type":"post","link":"https:\/\/erp-recycling.org\/pl-pl\/news-and-events\/2026\/03\/moda-na-recykling-4\/","title":{"rendered":"Moda na Recykling"},"content":{"rendered":"<p><strong>\u201eModa na Recykling\u201d \u2013 kolejna edycja trwa!<\/strong><\/p>\n<p>Akcja <strong>\u201eModa na Recykling\u201d<\/strong> to edukacyjno-ekologiczny projekt organizowany przez <strong>ERP Polska<\/strong>, kt\u00f3ry \u0142\u0105czy kreatywno\u015b\u0107, mod\u0119 i recykling w wyj\u0105tkowy spos\u00f3b. Celem inicjatywy jest pokazanie, \u017ce odpady \u2013 szczeg\u00f3lnie elektroodpady i zu\u017cyte elementy elektroniczne, a tak\u017ce odpady opakowaniowe \u2013 mog\u0105 mie\u0107 drugie \u017cycie, a jednocze\u015bnie ucz\u0105, jak prawid\u0142owo je segregowa\u0107 i oddawa\u0107 do recyklingu.<\/p>\n<p><strong>\u00a0<\/strong><\/p>\n<p><strong>Co to jest \u201eModa na Recykling\u201d?<\/strong><\/p>\n<p>\u201eModa na Recykling\u201d to og\u00f3lnopolski projekt, kt\u00f3ry w wyj\u0105tkowy spos\u00f3b edukuje dzieci, m\u0142odzie\u017c i doros\u0142ych o znaczeniu recyklingu:<\/p>\n<ul>\n<li><strong>warsztaty edukacyjne<\/strong> \u2013 uczestnicy poznaj\u0105 zasady segregowania elektroodpad\u00f3w, baterii i innych odpad\u00f3w oraz ucz\u0105 si\u0119, gdzie i jak je prawid\u0142owo oddawa\u0107,<\/li>\n<li><strong>warsztaty kreatywne<\/strong> \u2013 pod opiek\u0105 projektantek mody uczestnicy tworz\u0105 oryginalne stroje i akcesoria z materia\u0142\u00f3w pochodz\u0105cych z recyklingu,<\/li>\n<li><strong>pokazy mody<\/strong> \u2013 gotowe kreacje s\u0105 prezentowane podczas fina\u0142owych pokaz\u00f3w, w kt\u00f3rych bior\u0105 udzia\u0142 znane postaci, influencerzy i dzieci z ca\u0142ej Polski, co dodatkowo promuje ide\u0119 recyklingu i ekologii.<\/li>\n<\/ul>\n<p><strong>\u00a0<\/strong><\/p>\n<p><strong>Edukacja przez zabaw\u0119 i sztuk\u0119<\/strong><\/p>\n<p>Projekt anga\u017cuje uczestnik\u00f3w w tw\u00f3rczy spos\u00f3b \u2013 dzi\u0119ki wsp\u00f3\u0142pracy z kreatywnymi projektantkami mody oraz ekspertami ERP Polska uczestnicy ucz\u0105 si\u0119 nie tylko technik recyklingu, lecz tak\u017ce rozwijaj\u0105 swoj\u0105 wyobra\u017ani\u0119 i umiej\u0119tno\u015bci manualne. Warsztaty i pokazy to doskona\u0142a okazja, by pokaza\u0107, \u017ce odpady nie musz\u0105 by\u0107 problemem \u2013 mog\u0105 by\u0107 inspiracj\u0105 do tworzenia pi\u0119kna.<\/p>\n<p><strong>Edukacja o prawid\u0142owej segregacji<\/strong><\/p>\n<p>Podczas wszystkich etap\u00f3w akcji eksperci ERP Polska t\u0142umacz\u0105, dlaczego elektroodpady i baterie nie powinny trafia\u0107 do zwyk\u0142ych pojemnik\u00f3w na \u015bmieci, oraz gdzie znale\u017a\u0107 specjalne punkty ich zbi\u00f3rki. Ponadto uczymy m\u0142odzie\u017c jak odpowiednio segregowa\u0107 odpady opakowaniowe. Dzi\u0119ki temu uczestnicy zdobywaj\u0105 praktyczn\u0105 wiedz\u0119, kt\u00f3ra przyczynia si\u0119 do ochrony \u015brodowiska i promuje \u015bwiadome, ekologiczne wybory.<\/p>\n<p><strong>\u00a0<\/strong><\/p>\n<p><strong>Dlaczego warto?<\/strong><\/p>\n<p>\u201eModa na Recykling\u201d to co\u015b wi\u0119cej ni\u017c wydarzenie \u2013 to inspiracja do zmiany codziennych nawyk\u00f3w. Projekt pokazuje, \u017ce recykling to opr\u00f3cz odpowiedniego segregowania odpad\u00f3w, tak\u017ce tw\u00f3rcze podej\u015bcie do przedmiot\u00f3w, kt\u00f3re ju\u017c s\u0142u\u017cy\u0142y. To doskona\u0142y spos\u00f3b, by \u0142\u0105czy\u0107 edukacj\u0119 ekologiczn\u0105 ze sztuk\u0105 i mod\u0105.<\/p>\n<p style=\"text-align: center\">\u00a0\u00a0 <img loading=\"lazy\" decoding=\"async\" class=\"size-medium wp-image-10177 alignleft\" src=\"https:\/\/erp-recycling.org\/pl-pl\/wp-content\/uploads\/sites\/50\/2026\/03\/IMG_6847-225x300.jpg\" alt=\"\" width=\"225\" height=\"300\" srcset=\"https:\/\/erp-recycling.org\/pl-pl\/wp-content\/uploads\/sites\/50\/2026\/03\/IMG_6847-200x267.jpg 200w, https:\/\/erp-recycling.org\/pl-pl\/wp-content\/uploads\/sites\/50\/2026\/03\/IMG_6847-225x300.jpg 225w, https:\/\/erp-recycling.org\/pl-pl\/wp-content\/uploads\/sites\/50\/2026\/03\/IMG_6847-400x533.jpg 400w, https:\/\/erp-recycling.org\/pl-pl\/wp-content\/uploads\/sites\/50\/2026\/03\/IMG_6847-600x800.jpg 600w, https:\/\/erp-recycling.org\/pl-pl\/wp-content\/uploads\/sites\/50\/2026\/03\/IMG_6847-768x1024.jpg 768w, https:\/\/erp-recycling.org\/pl-pl\/wp-content\/uploads\/sites\/50\/2026\/03\/IMG_6847-800x1067.jpg 800w, https:\/\/erp-recycling.org\/pl-pl\/wp-content\/uploads\/sites\/50\/2026\/03\/IMG_6847-1152x1536.jpg 1152w, https:\/\/erp-recycling.org\/pl-pl\/wp-content\/uploads\/sites\/50\/2026\/03\/IMG_6847-1200x1600.jpg 1200w, https:\/\/erp-recycling.org\/pl-pl\/wp-content\/uploads\/sites\/50\/2026\/03\/IMG_6847-1536x2048.jpg 1536w, https:\/\/erp-recycling.org\/pl-pl\/wp-content\/uploads\/sites\/50\/2026\/03\/IMG_6847-scaled.jpg 1920w\" sizes=\"auto, (max-width: 225px) 100vw, 225px\" \/><img loading=\"lazy\" decoding=\"async\" class=\"size-medium wp-image-10178 alignleft\" src=\"https:\/\/erp-recycling.org\/pl-pl\/wp-content\/uploads\/sites\/50\/2026\/03\/FullSizeRender-3-225x300.jpg\" alt=\"\" width=\"225\" height=\"300\" srcset=\"https:\/\/erp-recycling.org\/pl-pl\/wp-content\/uploads\/sites\/50\/2026\/03\/FullSizeRender-3-200x267.jpg 200w, https:\/\/erp-recycling.org\/pl-pl\/wp-content\/uploads\/sites\/50\/2026\/03\/FullSizeRender-3-225x300.jpg 225w, https:\/\/erp-recycling.org\/pl-pl\/wp-content\/uploads\/sites\/50\/2026\/03\/FullSizeRender-3-400x533.jpg 400w, https:\/\/erp-recycling.org\/pl-pl\/wp-content\/uploads\/sites\/50\/2026\/03\/FullSizeRender-3-600x800.jpg 600w, https:\/\/erp-recycling.org\/pl-pl\/wp-content\/uploads\/sites\/50\/2026\/03\/FullSizeRender-3-768x1024.jpg 768w, https:\/\/erp-recycling.org\/pl-pl\/wp-content\/uploads\/sites\/50\/2026\/03\/FullSizeRender-3-800x1067.jpg 800w, https:\/\/erp-recycling.org\/pl-pl\/wp-content\/uploads\/sites\/50\/2026\/03\/FullSizeRender-3-1152x1536.jpg 1152w, https:\/\/erp-recycling.org\/pl-pl\/wp-content\/uploads\/sites\/50\/2026\/03\/FullSizeRender-3-1200x1600.jpg 1200w, https:\/\/erp-recycling.org\/pl-pl\/wp-content\/uploads\/sites\/50\/2026\/03\/FullSizeRender-3-1536x2048.jpg 1536w, https:\/\/erp-recycling.org\/pl-pl\/wp-content\/uploads\/sites\/50\/2026\/03\/FullSizeRender-3-scaled.jpg 1920w\" sizes=\"auto, (max-width: 225px) 100vw, 225px\" \/><\/p>\n","protected":false},"excerpt":{"rendered":"<p>\u201eModa na Recykling\u201d \u2013 kolejna edycja trwa! Akcja \u201eModa na Recykling\u201d to edukacyjno-ekologiczny projekt organizowany przez ERP Polska, kt\u00f3ry \u0142\u0105czy kreatywno\u015b\u0107, mod\u0119 i recykling w wyj\u0105tkowy spos\u00f3b. Celem inicjatywy jest pokazanie, \u017ce odpady \u2013 szczeg\u00f3lnie elektroodpady i zu\u017cyte elementy elektroniczne, a tak\u017ce odpady opakowaniowe \u2013 mog\u0105 mie\u0107 drugie \u017cycie, a jednocze\u015bnie ucz\u0105, jak prawid\u0142owo je<\/p>\n","protected":false},"author":45,"featured_media":10177,"comment_status":"closed","ping_status":"open","sticky":false,"template":"","format":"standard","meta":{"_acf_changed":false,"_monsterinsights_skip_tracking":false,"_monsterinsights_sitenote_active":false,"_monsterinsights_sitenote_note":"","_monsterinsights_sitenote_category":0,"footnotes":""},"categories":[53,5],"tags":[],"class_list":["post-10176","post","type-post","status-publish","format-standard","has-post-thumbnail","hentry","category-aktualnosci","category-news"],"acf":[],"yoast_head":"<!-- This site is optimized with the Yoast SEO plugin v27.2 - https:\/\/yoast.com\/product\/yoast-seo-wordpress\/ -->\n<title>Moda na Recykling - Poland (PL)<\/title>\n<meta name=\"robots\" content=\"index, follow, max-snippet:-1, max-image-preview:large, max-video-preview:-1\" \/>\n<link rel=\"canonical\" href=\"https:\/\/erp-recycling.org\/pl-pl\/news-and-events\/2026\/03\/moda-na-recykling-4\/\" \/>\n<meta property=\"og:locale\" content=\"pl_PL\" \/>\n<meta property=\"og:type\" content=\"article\" \/>\n<meta property=\"og:title\" content=\"Moda na Recykling - Poland (PL)\" \/>\n<meta property=\"og:description\" content=\"\u201eModa na Recykling\u201d \u2013 kolejna edycja trwa! Akcja \u201eModa na Recykling\u201d to edukacyjno-ekologiczny projekt organizowany przez ERP Polska, kt\u00f3ry \u0142\u0105czy kreatywno\u015b\u0107, mod\u0119 i recykling w wyj\u0105tkowy spos\u00f3b. Celem inicjatywy jest pokazanie, \u017ce odpady \u2013 szczeg\u00f3lnie elektroodpady i zu\u017cyte elementy elektroniczne, a tak\u017ce odpady opakowaniowe \u2013 mog\u0105 mie\u0107 drugie \u017cycie, a jednocze\u015bnie ucz\u0105, jak prawid\u0142owo je\" \/>\n<meta property=\"og:url\" content=\"https:\/\/erp-recycling.org\/pl-pl\/news-and-events\/2026\/03\/moda-na-recykling-4\/\" \/>\n<meta property=\"og:site_name\" content=\"Poland (PL)\" \/>\n<meta property=\"article:published_time\" content=\"2026-03-25T10:09:52+00:00\" \/>\n<meta property=\"og:image\" content=\"https:\/\/erp-recycling.org\/pl-pl\/wp-content\/uploads\/sites\/50\/2026\/03\/IMG_6847-scaled.jpg\" \/>\n\t<meta property=\"og:image:width\" content=\"1920\" \/>\n\t<meta property=\"og:image:height\" content=\"2560\" \/>\n\t<meta property=\"og:image:type\" content=\"image\/jpeg\" \/>\n<meta name=\"author\" content=\"mstaskiewicz\" \/>\n<meta name=\"twitter:card\" content=\"summary_large_image\" \/>\n<meta name=\"twitter:label1\" content=\"Napisane przez\" \/>\n\t<meta name=\"twitter:data1\" content=\"mstaskiewicz\" \/>\n\t<meta name=\"twitter:label2\" content=\"Szacowany czas czytania\" \/>\n\t<meta name=\"twitter:data2\" content=\"1 minuta\" \/>\n<script type=\"application\/ld+json\" class=\"yoast-schema-graph\">{\"@context\":\"https:\/\/schema.org\",\"@graph\":[{\"@type\":\"Article\",\"@id\":\"https:\/\/erp-recycling.org\/pl-pl\/news-and-events\/2026\/03\/moda-na-recykling-4\/#article\",\"isPartOf\":{\"@id\":\"https:\/\/erp-recycling.org\/pl-pl\/news-and-events\/2026\/03\/moda-na-recykling-4\/\"},\"author\":{\"name\":\"mstaskiewicz\",\"@id\":\"https:\/\/erp-recycling.org\/pl-pl\/#\/schema\/person\/ab9d6b971d1ef4ae279fc92c78573593\"},\"headline\":\"Moda na Recykling\",\"datePublished\":\"2026-03-25T10:09:52+00:00\",\"mainEntityOfPage\":{\"@id\":\"https:\/\/erp-recycling.org\/pl-pl\/news-and-events\/2026\/03\/moda-na-recykling-4\/\"},\"wordCount\":363,\"publisher\":{\"@id\":\"https:\/\/erp-recycling.org\/pl-pl\/#organization\"},\"image\":{\"@id\":\"https:\/\/erp-recycling.org\/pl-pl\/news-and-events\/2026\/03\/moda-na-recykling-4\/#primaryimage\"},\"thumbnailUrl\":\"https:\/\/erp-recycling.org\/pl-pl\/wp-content\/uploads\/sites\/50\/2026\/03\/IMG_6847-scaled.jpg\",\"articleSection\":[\"Aktualno\u015bci\",\"News\"],\"inLanguage\":\"pl-PL\"},{\"@type\":\"WebPage\",\"@id\":\"https:\/\/erp-recycling.org\/pl-pl\/news-and-events\/2026\/03\/moda-na-recykling-4\/\",\"url\":\"https:\/\/erp-recycling.org\/pl-pl\/news-and-events\/2026\/03\/moda-na-recykling-4\/\",\"name\":\"Moda na Recykling - Poland (PL)\",\"isPartOf\":{\"@id\":\"https:\/\/erp-recycling.org\/pl-pl\/#website\"},\"primaryImageOfPage\":{\"@id\":\"https:\/\/erp-recycling.org\/pl-pl\/news-and-events\/2026\/03\/moda-na-recykling-4\/#primaryimage\"},\"image\":{\"@id\":\"https:\/\/erp-recycling.org\/pl-pl\/news-and-events\/2026\/03\/moda-na-recykling-4\/#primaryimage\"},\"thumbnailUrl\":\"https:\/\/erp-recycling.org\/pl-pl\/wp-content\/uploads\/sites\/50\/2026\/03\/IMG_6847-scaled.jpg\",\"datePublished\":\"2026-03-25T10:09:52+00:00\",\"breadcrumb\":{\"@id\":\"https:\/\/erp-recycling.org\/pl-pl\/news-and-events\/2026\/03\/moda-na-recykling-4\/#breadcrumb\"},\"inLanguage\":\"pl-PL\",\"potentialAction\":[{\"@type\":\"ReadAction\",\"target\":[\"https:\/\/erp-recycling.org\/pl-pl\/news-and-events\/2026\/03\/moda-na-recykling-4\/\"]}]},{\"@type\":\"ImageObject\",\"inLanguage\":\"pl-PL\",\"@id\":\"https:\/\/erp-recycling.org\/pl-pl\/news-and-events\/2026\/03\/moda-na-recykling-4\/#primaryimage\",\"url\":\"https:\/\/erp-recycling.org\/pl-pl\/wp-content\/uploads\/sites\/50\/2026\/03\/IMG_6847-scaled.jpg\",\"contentUrl\":\"https:\/\/erp-recycling.org\/pl-pl\/wp-content\/uploads\/sites\/50\/2026\/03\/IMG_6847-scaled.jpg\",\"width\":1920,\"height\":2560},{\"@type\":\"BreadcrumbList\",\"@id\":\"https:\/\/erp-recycling.org\/pl-pl\/news-and-events\/2026\/03\/moda-na-recykling-4\/#breadcrumb\",\"itemListElement\":[{\"@type\":\"ListItem\",\"position\":1,\"name\":\"Frontpage\",\"item\":\"https:\/\/erp-recycling.org\/pl-pl\/\"},{\"@type\":\"ListItem\",\"position\":2,\"name\":\"Moda na Recykling\"}]},{\"@type\":\"WebSite\",\"@id\":\"https:\/\/erp-recycling.org\/pl-pl\/#website\",\"url\":\"https:\/\/erp-recycling.org\/pl-pl\/\",\"name\":\"Poland (PL)\",\"description\":\"A company of the Landbell Group\",\"publisher\":{\"@id\":\"https:\/\/erp-recycling.org\/pl-pl\/#organization\"},\"potentialAction\":[{\"@type\":\"SearchAction\",\"target\":{\"@type\":\"EntryPoint\",\"urlTemplate\":\"https:\/\/erp-recycling.org\/pl-pl\/?s={search_term_string}\"},\"query-input\":{\"@type\":\"PropertyValueSpecification\",\"valueRequired\":true,\"valueName\":\"search_term_string\"}}],\"inLanguage\":\"pl-PL\"},{\"@type\":\"Organization\",\"@id\":\"https:\/\/erp-recycling.org\/pl-pl\/#organization\",\"name\":\"Poland (PL)\",\"url\":\"https:\/\/erp-recycling.org\/pl-pl\/\",\"logo\":{\"@type\":\"ImageObject\",\"inLanguage\":\"pl-PL\",\"@id\":\"https:\/\/erp-recycling.org\/pl-pl\/#\/schema\/logo\/image\/\",\"url\":\"https:\/\/erp-recycling.org\/pl-pl\/wp-content\/uploads\/sites\/50\/2022\/11\/logo.svg\",\"contentUrl\":\"https:\/\/erp-recycling.org\/pl-pl\/wp-content\/uploads\/sites\/50\/2022\/11\/logo.svg\",\"width\":203,\"height\":77,\"caption\":\"Poland (PL)\"},\"image\":{\"@id\":\"https:\/\/erp-recycling.org\/pl-pl\/#\/schema\/logo\/image\/\"}},{\"@type\":\"Person\",\"@id\":\"https:\/\/erp-recycling.org\/pl-pl\/#\/schema\/person\/ab9d6b971d1ef4ae279fc92c78573593\",\"name\":\"mstaskiewicz\",\"image\":{\"@type\":\"ImageObject\",\"inLanguage\":\"pl-PL\",\"@id\":\"https:\/\/secure.gravatar.com\/avatar\/9f4a6df78a0e41bf0da08852639a7899a6cadf559f5248aaacfb5e1347d14db4?s=96&d=mm&r=g\",\"url\":\"https:\/\/secure.gravatar.com\/avatar\/9f4a6df78a0e41bf0da08852639a7899a6cadf559f5248aaacfb5e1347d14db4?s=96&d=mm&r=g\",\"contentUrl\":\"https:\/\/secure.gravatar.com\/avatar\/9f4a6df78a0e41bf0da08852639a7899a6cadf559f5248aaacfb5e1347d14db4?s=96&d=mm&r=g\",\"caption\":\"mstaskiewicz\"},\"url\":\"https:\/\/erp-recycling.org\/pl-pl\/news-and-events\/author\/mstaskiewicz\/\"}]}<\/script>\n<!-- \/ Yoast SEO plugin. -->","yoast_head_json":{"title":"Moda na Recykling - Poland (PL)","robots":{"index":"index","follow":"follow","max-snippet":"max-snippet:-1","max-image-preview":"max-image-preview:large","max-video-preview":"max-video-preview:-1"},"canonical":"https:\/\/erp-recycling.org\/pl-pl\/news-and-events\/2026\/03\/moda-na-recykling-4\/","og_locale":"pl_PL","og_type":"article","og_title":"Moda na Recykling - Poland (PL)","og_description":"\u201eModa na Recykling\u201d \u2013 kolejna edycja trwa! Akcja \u201eModa na Recykling\u201d to edukacyjno-ekologiczny projekt organizowany przez ERP Polska, kt\u00f3ry \u0142\u0105czy kreatywno\u015b\u0107, mod\u0119 i recykling w wyj\u0105tkowy spos\u00f3b. Celem inicjatywy jest pokazanie, \u017ce odpady \u2013 szczeg\u00f3lnie elektroodpady i zu\u017cyte elementy elektroniczne, a tak\u017ce odpady opakowaniowe \u2013 mog\u0105 mie\u0107 drugie \u017cycie, a jednocze\u015bnie ucz\u0105, jak prawid\u0142owo je","og_url":"https:\/\/erp-recycling.org\/pl-pl\/news-and-events\/2026\/03\/moda-na-recykling-4\/","og_site_name":"Poland (PL)","article_published_time":"2026-03-25T10:09:52+00:00","og_image":[{"width":1920,"height":2560,"url":"https:\/\/erp-recycling.org\/pl-pl\/wp-content\/uploads\/sites\/50\/2026\/03\/IMG_6847-scaled.jpg","type":"image\/jpeg"}],"author":"mstaskiewicz","twitter_card":"summary_large_image","twitter_misc":{"Napisane przez":"mstaskiewicz","Szacowany czas czytania":"1 minuta"},"schema":{"@context":"https:\/\/schema.org","@graph":[{"@type":"Article","@id":"https:\/\/erp-recycling.org\/pl-pl\/news-and-events\/2026\/03\/moda-na-recykling-4\/#article","isPartOf":{"@id":"https:\/\/erp-recycling.org\/pl-pl\/news-and-events\/2026\/03\/moda-na-recykling-4\/"},"author":{"name":"mstaskiewicz","@id":"https:\/\/erp-recycling.org\/pl-pl\/#\/schema\/person\/ab9d6b971d1ef4ae279fc92c78573593"},"headline":"Moda na Recykling","datePublished":"2026-03-25T10:09:52+00:00","mainEntityOfPage":{"@id":"https:\/\/erp-recycling.org\/pl-pl\/news-and-events\/2026\/03\/moda-na-recykling-4\/"},"wordCount":363,"publisher":{"@id":"https:\/\/erp-recycling.org\/pl-pl\/#organization"},"image":{"@id":"https:\/\/erp-recycling.org\/pl-pl\/news-and-events\/2026\/03\/moda-na-recykling-4\/#primaryimage"},"thumbnailUrl":"https:\/\/erp-recycling.org\/pl-pl\/wp-content\/uploads\/sites\/50\/2026\/03\/IMG_6847-scaled.jpg","articleSection":["Aktualno\u015bci","News"],"inLanguage":"pl-PL"},{"@type":"WebPage","@id":"https:\/\/erp-recycling.org\/pl-pl\/news-and-events\/2026\/03\/moda-na-recykling-4\/","url":"https:\/\/erp-recycling.org\/pl-pl\/news-and-events\/2026\/03\/moda-na-recykling-4\/","name":"Moda na Recykling - Poland (PL)","isPartOf":{"@id":"https:\/\/erp-recycling.org\/pl-pl\/#website"},"primaryImageOfPage":{"@id":"https:\/\/erp-recycling.org\/pl-pl\/news-and-events\/2026\/03\/moda-na-recykling-4\/#primaryimage"},"image":{"@id":"https:\/\/erp-recycling.org\/pl-pl\/news-and-events\/2026\/03\/moda-na-recykling-4\/#primaryimage"},"thumbnailUrl":"https:\/\/erp-recycling.org\/pl-pl\/wp-content\/uploads\/sites\/50\/2026\/03\/IMG_6847-scaled.jpg","datePublished":"2026-03-25T10:09:52+00:00","breadcrumb":{"@id":"https:\/\/erp-recycling.org\/pl-pl\/news-and-events\/2026\/03\/moda-na-recykling-4\/#breadcrumb"},"inLanguage":"pl-PL","potentialAction":[{"@type":"ReadAction","target":["https:\/\/erp-recycling.org\/pl-pl\/news-and-events\/2026\/03\/moda-na-recykling-4\/"]}]},{"@type":"ImageObject","inLanguage":"pl-PL","@id":"https:\/\/erp-recycling.org\/pl-pl\/news-and-events\/2026\/03\/moda-na-recykling-4\/#primaryimage","url":"https:\/\/erp-recycling.org\/pl-pl\/wp-content\/uploads\/sites\/50\/2026\/03\/IMG_6847-scaled.jpg","contentUrl":"https:\/\/erp-recycling.org\/pl-pl\/wp-content\/uploads\/sites\/50\/2026\/03\/IMG_6847-scaled.jpg","width":1920,"height":2560},{"@type":"BreadcrumbList","@id":"https:\/\/erp-recycling.org\/pl-pl\/news-and-events\/2026\/03\/moda-na-recykling-4\/#breadcrumb","itemListElement":[{"@type":"ListItem","position":1,"name":"Frontpage","item":"https:\/\/erp-recycling.org\/pl-pl\/"},{"@type":"ListItem","position":2,"name":"Moda na Recykling"}]},{"@type":"WebSite","@id":"https:\/\/erp-recycling.org\/pl-pl\/#website","url":"https:\/\/erp-recycling.org\/pl-pl\/","name":"Poland (PL)","description":"A company of the Landbell Group","publisher":{"@id":"https:\/\/erp-recycling.org\/pl-pl\/#organization"},"potentialAction":[{"@type":"SearchAction","target":{"@type":"EntryPoint","urlTemplate":"https:\/\/erp-recycling.org\/pl-pl\/?s={search_term_string}"},"query-input":{"@type":"PropertyValueSpecification","valueRequired":true,"valueName":"search_term_string"}}],"inLanguage":"pl-PL"},{"@type":"Organization","@id":"https:\/\/erp-recycling.org\/pl-pl\/#organization","name":"Poland (PL)","url":"https:\/\/erp-recycling.org\/pl-pl\/","logo":{"@type":"ImageObject","inLanguage":"pl-PL","@id":"https:\/\/erp-recycling.org\/pl-pl\/#\/schema\/logo\/image\/","url":"https:\/\/erp-recycling.org\/pl-pl\/wp-content\/uploads\/sites\/50\/2022\/11\/logo.svg","contentUrl":"https:\/\/erp-recycling.org\/pl-pl\/wp-content\/uploads\/sites\/50\/2022\/11\/logo.svg","width":203,"height":77,"caption":"Poland (PL)"},"image":{"@id":"https:\/\/erp-recycling.org\/pl-pl\/#\/schema\/logo\/image\/"}},{"@type":"Person","@id":"https:\/\/erp-recycling.org\/pl-pl\/#\/schema\/person\/ab9d6b971d1ef4ae279fc92c78573593","name":"mstaskiewicz","image":{"@type":"ImageObject","inLanguage":"pl-PL","@id":"https:\/\/secure.gravatar.com\/avatar\/9f4a6df78a0e41bf0da08852639a7899a6cadf559f5248aaacfb5e1347d14db4?s=96&d=mm&r=g","url":"https:\/\/secure.gravatar.com\/avatar\/9f4a6df78a0e41bf0da08852639a7899a6cadf559f5248aaacfb5e1347d14db4?s=96&d=mm&r=g","contentUrl":"https:\/\/secure.gravatar.com\/avatar\/9f4a6df78a0e41bf0da08852639a7899a6cadf559f5248aaacfb5e1347d14db4?s=96&d=mm&r=g","caption":"mstaskiewicz"},"url":"https:\/\/erp-recycling.org\/pl-pl\/news-and-events\/author\/mstaskiewicz\/"}]}},"_links":{"self":[{"href":"https:\/\/erp-recycling.org\/pl-pl\/wp-json\/wp\/v2\/posts\/10176","targetHints":{"allow":["GET"]}}],"collection":[{"href":"https:\/\/erp-recycling.org\/pl-pl\/wp-json\/wp\/v2\/posts"}],"about":[{"href":"https:\/\/erp-recycling.org\/pl-pl\/wp-json\/wp\/v2\/types\/post"}],"author":[{"embeddable":true,"href":"https:\/\/erp-recycling.org\/pl-pl\/wp-json\/wp\/v2\/users\/45"}],"replies":[{"embeddable":true,"href":"https:\/\/erp-recycling.org\/pl-pl\/wp-json\/wp\/v2\/comments?post=10176"}],"version-history":[{"count":1,"href":"https:\/\/erp-recycling.org\/pl-pl\/wp-json\/wp\/v2\/posts\/10176\/revisions"}],"predecessor-version":[{"id":10179,"href":"https:\/\/erp-recycling.org\/pl-pl\/wp-json\/wp\/v2\/posts\/10176\/revisions\/10179"}],"wp:featuredmedia":[{"embeddable":true,"href":"https:\/\/erp-recycling.org\/pl-pl\/wp-json\/wp\/v2\/media\/10177"}],"wp:attachment":[{"href":"https:\/\/erp-recycling.org\/pl-pl\/wp-json\/wp\/v2\/media?parent=10176"}],"wp:term":[{"taxonomy":"category","embeddable":true,"href":"https:\/\/erp-recycling.org\/pl-pl\/wp-json\/wp\/v2\/categories?post=10176"},{"taxonomy":"post_tag","embeddable":true,"href":"https:\/\/erp-recycling.org\/pl-pl\/wp-json\/wp\/v2\/tags?post=10176"}],"curies":[{"name":"wp","href":"https:\/\/api.w.org\/{rel}","templated":true}]}}