{"id":10180,"date":"2026-03-25T11:14:00","date_gmt":"2026-03-25T10:14:00","guid":{"rendered":"https:\/\/erp-recycling.org\/pl-pl\/?p=10180"},"modified":"2026-03-25T11:14:00","modified_gmt":"2026-03-25T10:14:00","slug":"webinarium-erp-polska-i-kancelarii-dzp-juz-1-kwietnia","status":"publish","type":"post","link":"https:\/\/erp-recycling.org\/pl-pl\/news-and-events\/2026\/03\/webinarium-erp-polska-i-kancelarii-dzp-juz-1-kwietnia\/","title":{"rendered":"Webinarium ERP Polska i Kancelarii DZP ju\u017c 1 kwietnia!"},"content":{"rendered":"<p>Nowe przepisy. Nowe wyzwania.<br \/>\nPPWR zmienia rynek opakowa\u0144. Zmiany zaczynaj\u0105 si\u0119 ju\u017c dzisiaj.<\/p>\n<p>Jeste\u015b producentem, sprzedajesz lub korzystasz z opakowa\u0144? Spotkajmy si\u0119 na szkoleniu organizowanym przez ERP Polska we wsp\u00f3\u0142pracy z kancelari\u0105 <a class=\"seVZkUMdlXHExvaoRUqmIRWAjXpYSHRBY \" href=\"https:\/\/www.linkedin.com\/company\/dzp\/\" target=\"_self\" data-test-app-aware-link=\"\">Domanski Zakrzewski Palinka (DZP)<\/a>.<\/p>\n<p>1 kwietnia ERP Polska rozpoczyna tegoroczn\u0105 seri\u0119 spotka\u0144, pe\u0142nych istotnej wiedzy z zakresu prawa i obowi\u0105zk\u00f3w dla producent\u00f3w.<\/p>\n<p>Pierwsze z nich poruszy tematyk\u0119 kluczowych za\u0142o\u017ce\u0144 Rozporz\u0105dzenia UE w sprawie opakowa\u0144 i odpad\u00f3w opakowaniowych (PPWR), kt\u00f3re wesz\u0142o w \u017cycie w lutym 2025 roku, ale obowi\u0105zywa\u0107 zacznie od 12 sierpnia 2026 roku. Dla wielu przedsi\u0119biorstw oznacza to konieczno\u015b\u0107 dostosowania produkt\u00f3w, proces\u00f3w oraz strategii w zakresie opakowa\u0144.<\/p>\n<p>Podczas webinaru om\u00f3wimy mi\u0119dzy innymi kluczowe zmiany dla firm (wprowadzaj\u0105cych, producent\u00f3w, e-commerce, PRO), ich wp\u0142yw na koszty i modele biznesowe oraz jakie s\u0105 wyzwania dla przedsi\u0119biorstw dzia\u0142aj\u0105cych na wielu rynkach UE.<\/p>\n<p>Stawiamy na praktyk\u0119 i maksymaln\u0105 efektywno\u015b\u0107 szkolenia, dlatego zach\u0119camy do kontaktu i zadawania pyta\u0144, na kt\u00f3re odpowiemy w trakcie. Prze\u015blij je do nas do 27 marca.<\/p>\n<p>Zarezerwuj czas i b\u0105d\u017a na bie\u017c\u0105co ze zmianami legislacyjnymi!<\/p>\n<p><a href=\"https:\/\/erppolska.clickmeeting.com\/erp-polska-i-kancelaria-dzp-ppwr-redefiniuje-rynek-opakowan-co-to-oznacza-dla-twojego-biznesu-\/register\">KLIKNIJ TUTAJ<\/a> i zapisz si\u0119 ju\u017c dzi\u015b! <img loading=\"lazy\" decoding=\"async\" class=\"aligncenter size-medium wp-image-10181\" src=\"https:\/\/erp-recycling.org\/pl-pl\/wp-content\/uploads\/sites\/50\/2026\/03\/Zrzut-ekranu-2026-03-25-111312-300x300.png\" alt=\"\" width=\"300\" height=\"300\" srcset=\"https:\/\/erp-recycling.org\/pl-pl\/wp-content\/uploads\/sites\/50\/2026\/03\/Zrzut-ekranu-2026-03-25-111312-66x66.png 66w, https:\/\/erp-recycling.org\/pl-pl\/wp-content\/uploads\/sites\/50\/2026\/03\/Zrzut-ekranu-2026-03-25-111312-150x150.png 150w, https:\/\/erp-recycling.org\/pl-pl\/wp-content\/uploads\/sites\/50\/2026\/03\/Zrzut-ekranu-2026-03-25-111312-200x201.png 200w, https:\/\/erp-recycling.org\/pl-pl\/wp-content\/uploads\/sites\/50\/2026\/03\/Zrzut-ekranu-2026-03-25-111312-300x300.png 300w, https:\/\/erp-recycling.org\/pl-pl\/wp-content\/uploads\/sites\/50\/2026\/03\/Zrzut-ekranu-2026-03-25-111312-400x401.png 400w, https:\/\/erp-recycling.org\/pl-pl\/wp-content\/uploads\/sites\/50\/2026\/03\/Zrzut-ekranu-2026-03-25-111312-600x602.png 600w, https:\/\/erp-recycling.org\/pl-pl\/wp-content\/uploads\/sites\/50\/2026\/03\/Zrzut-ekranu-2026-03-25-111312.png 613w\" sizes=\"auto, (max-width: 300px) 100vw, 300px\" \/><\/p>\n","protected":false},"excerpt":{"rendered":"<p>Nowe przepisy. Nowe wyzwania. PPWR zmienia rynek opakowa\u0144. Zmiany zaczynaj\u0105 si\u0119 ju\u017c dzisiaj. Jeste\u015b producentem, sprzedajesz lub korzystasz z opakowa\u0144? Spotkajmy si\u0119 na szkoleniu organizowanym przez ERP Polska we wsp\u00f3\u0142pracy z kancelari\u0105 Domanski Zakrzewski Palinka (DZP). 1 kwietnia ERP Polska rozpoczyna tegoroczn\u0105 seri\u0119 spotka\u0144, pe\u0142nych istotnej wiedzy z zakresu prawa i obowi\u0105zk\u00f3w dla producent\u00f3w. Pierwsze<\/p>\n","protected":false},"author":45,"featured_media":10181,"comment_status":"closed","ping_status":"open","sticky":false,"template":"","format":"standard","meta":{"_acf_changed":false,"_monsterinsights_skip_tracking":false,"_monsterinsights_sitenote_active":false,"_monsterinsights_sitenote_note":"","_monsterinsights_sitenote_category":0,"footnotes":""},"categories":[53,5],"tags":[],"class_list":["post-10180","post","type-post","status-publish","format-standard","has-post-thumbnail","hentry","category-aktualnosci","category-news"],"acf":[],"yoast_head":"<!-- This site is optimized with the Yoast SEO plugin v27.2 - https:\/\/yoast.com\/product\/yoast-seo-wordpress\/ -->\n<title>Webinarium ERP Polska i Kancelarii DZP ju\u017c 1 kwietnia! - Poland (PL)<\/title>\n<meta name=\"robots\" content=\"index, follow, max-snippet:-1, max-image-preview:large, max-video-preview:-1\" \/>\n<link rel=\"canonical\" href=\"https:\/\/erp-recycling.org\/pl-pl\/news-and-events\/2026\/03\/webinarium-erp-polska-i-kancelarii-dzp-juz-1-kwietnia\/\" \/>\n<meta property=\"og:locale\" content=\"pl_PL\" \/>\n<meta property=\"og:type\" content=\"article\" \/>\n<meta property=\"og:title\" content=\"Webinarium ERP Polska i Kancelarii DZP ju\u017c 1 kwietnia! - Poland (PL)\" \/>\n<meta property=\"og:description\" content=\"Nowe przepisy. Nowe wyzwania. PPWR zmienia rynek opakowa\u0144. Zmiany zaczynaj\u0105 si\u0119 ju\u017c dzisiaj. Jeste\u015b producentem, sprzedajesz lub korzystasz z opakowa\u0144? Spotkajmy si\u0119 na szkoleniu organizowanym przez ERP Polska we wsp\u00f3\u0142pracy z kancelari\u0105 Domanski Zakrzewski Palinka (DZP). 1 kwietnia ERP Polska rozpoczyna tegoroczn\u0105 seri\u0119 spotka\u0144, pe\u0142nych istotnej wiedzy z zakresu prawa i obowi\u0105zk\u00f3w dla producent\u00f3w. Pierwsze\" \/>\n<meta property=\"og:url\" content=\"https:\/\/erp-recycling.org\/pl-pl\/news-and-events\/2026\/03\/webinarium-erp-polska-i-kancelarii-dzp-juz-1-kwietnia\/\" \/>\n<meta property=\"og:site_name\" content=\"Poland (PL)\" \/>\n<meta property=\"article:published_time\" content=\"2026-03-25T10:14:00+00:00\" \/>\n<meta property=\"og:image\" content=\"https:\/\/erp-recycling.org\/pl-pl\/wp-content\/uploads\/sites\/50\/2026\/03\/Zrzut-ekranu-2026-03-25-111312.png\" \/>\n\t<meta property=\"og:image:width\" content=\"613\" \/>\n\t<meta property=\"og:image:height\" content=\"615\" \/>\n\t<meta property=\"og:image:type\" content=\"image\/png\" \/>\n<meta name=\"author\" content=\"mstaskiewicz\" \/>\n<meta name=\"twitter:card\" content=\"summary_large_image\" \/>\n<meta name=\"twitter:label1\" content=\"Napisane przez\" \/>\n\t<meta name=\"twitter:data1\" content=\"mstaskiewicz\" \/>\n\t<meta name=\"twitter:label2\" content=\"Szacowany czas czytania\" \/>\n\t<meta name=\"twitter:data2\" content=\"1 minuta\" \/>\n<script type=\"application\/ld+json\" class=\"yoast-schema-graph\">{\"@context\":\"https:\/\/schema.org\",\"@graph\":[{\"@type\":\"Article\",\"@id\":\"https:\/\/erp-recycling.org\/pl-pl\/news-and-events\/2026\/03\/webinarium-erp-polska-i-kancelarii-dzp-juz-1-kwietnia\/#article\",\"isPartOf\":{\"@id\":\"https:\/\/erp-recycling.org\/pl-pl\/news-and-events\/2026\/03\/webinarium-erp-polska-i-kancelarii-dzp-juz-1-kwietnia\/\"},\"author\":{\"name\":\"mstaskiewicz\",\"@id\":\"https:\/\/erp-recycling.org\/pl-pl\/#\/schema\/person\/ab9d6b971d1ef4ae279fc92c78573593\"},\"headline\":\"Webinarium ERP Polska i Kancelarii DZP ju\u017c 1 kwietnia!\",\"datePublished\":\"2026-03-25T10:14:00+00:00\",\"mainEntityOfPage\":{\"@id\":\"https:\/\/erp-recycling.org\/pl-pl\/news-and-events\/2026\/03\/webinarium-erp-polska-i-kancelarii-dzp-juz-1-kwietnia\/\"},\"wordCount\":204,\"publisher\":{\"@id\":\"https:\/\/erp-recycling.org\/pl-pl\/#organization\"},\"image\":{\"@id\":\"https:\/\/erp-recycling.org\/pl-pl\/news-and-events\/2026\/03\/webinarium-erp-polska-i-kancelarii-dzp-juz-1-kwietnia\/#primaryimage\"},\"thumbnailUrl\":\"https:\/\/erp-recycling.org\/pl-pl\/wp-content\/uploads\/sites\/50\/2026\/03\/Zrzut-ekranu-2026-03-25-111312.png\",\"articleSection\":[\"Aktualno\u015bci\",\"News\"],\"inLanguage\":\"pl-PL\"},{\"@type\":\"WebPage\",\"@id\":\"https:\/\/erp-recycling.org\/pl-pl\/news-and-events\/2026\/03\/webinarium-erp-polska-i-kancelarii-dzp-juz-1-kwietnia\/\",\"url\":\"https:\/\/erp-recycling.org\/pl-pl\/news-and-events\/2026\/03\/webinarium-erp-polska-i-kancelarii-dzp-juz-1-kwietnia\/\",\"name\":\"Webinarium ERP Polska i Kancelarii DZP ju\u017c 1 kwietnia! - Poland (PL)\",\"isPartOf\":{\"@id\":\"https:\/\/erp-recycling.org\/pl-pl\/#website\"},\"primaryImageOfPage\":{\"@id\":\"https:\/\/erp-recycling.org\/pl-pl\/news-and-events\/2026\/03\/webinarium-erp-polska-i-kancelarii-dzp-juz-1-kwietnia\/#primaryimage\"},\"image\":{\"@id\":\"https:\/\/erp-recycling.org\/pl-pl\/news-and-events\/2026\/03\/webinarium-erp-polska-i-kancelarii-dzp-juz-1-kwietnia\/#primaryimage\"},\"thumbnailUrl\":\"https:\/\/erp-recycling.org\/pl-pl\/wp-content\/uploads\/sites\/50\/2026\/03\/Zrzut-ekranu-2026-03-25-111312.png\",\"datePublished\":\"2026-03-25T10:14:00+00:00\",\"breadcrumb\":{\"@id\":\"https:\/\/erp-recycling.org\/pl-pl\/news-and-events\/2026\/03\/webinarium-erp-polska-i-kancelarii-dzp-juz-1-kwietnia\/#breadcrumb\"},\"inLanguage\":\"pl-PL\",\"potentialAction\":[{\"@type\":\"ReadAction\",\"target\":[\"https:\/\/erp-recycling.org\/pl-pl\/news-and-events\/2026\/03\/webinarium-erp-polska-i-kancelarii-dzp-juz-1-kwietnia\/\"]}]},{\"@type\":\"ImageObject\",\"inLanguage\":\"pl-PL\",\"@id\":\"https:\/\/erp-recycling.org\/pl-pl\/news-and-events\/2026\/03\/webinarium-erp-polska-i-kancelarii-dzp-juz-1-kwietnia\/#primaryimage\",\"url\":\"https:\/\/erp-recycling.org\/pl-pl\/wp-content\/uploads\/sites\/50\/2026\/03\/Zrzut-ekranu-2026-03-25-111312.png\",\"contentUrl\":\"https:\/\/erp-recycling.org\/pl-pl\/wp-content\/uploads\/sites\/50\/2026\/03\/Zrzut-ekranu-2026-03-25-111312.png\",\"width\":613,\"height\":615},{\"@type\":\"BreadcrumbList\",\"@id\":\"https:\/\/erp-recycling.org\/pl-pl\/news-and-events\/2026\/03\/webinarium-erp-polska-i-kancelarii-dzp-juz-1-kwietnia\/#breadcrumb\",\"itemListElement\":[{\"@type\":\"ListItem\",\"position\":1,\"name\":\"Frontpage\",\"item\":\"https:\/\/erp-recycling.org\/pl-pl\/\"},{\"@type\":\"ListItem\",\"position\":2,\"name\":\"Webinarium ERP Polska i Kancelarii DZP ju\u017c 1 kwietnia!\"}]},{\"@type\":\"WebSite\",\"@id\":\"https:\/\/erp-recycling.org\/pl-pl\/#website\",\"url\":\"https:\/\/erp-recycling.org\/pl-pl\/\",\"name\":\"Poland (PL)\",\"description\":\"A company of the Landbell Group\",\"publisher\":{\"@id\":\"https:\/\/erp-recycling.org\/pl-pl\/#organization\"},\"potentialAction\":[{\"@type\":\"SearchAction\",\"target\":{\"@type\":\"EntryPoint\",\"urlTemplate\":\"https:\/\/erp-recycling.org\/pl-pl\/?s={search_term_string}\"},\"query-input\":{\"@type\":\"PropertyValueSpecification\",\"valueRequired\":true,\"valueName\":\"search_term_string\"}}],\"inLanguage\":\"pl-PL\"},{\"@type\":\"Organization\",\"@id\":\"https:\/\/erp-recycling.org\/pl-pl\/#organization\",\"name\":\"Poland (PL)\",\"url\":\"https:\/\/erp-recycling.org\/pl-pl\/\",\"logo\":{\"@type\":\"ImageObject\",\"inLanguage\":\"pl-PL\",\"@id\":\"https:\/\/erp-recycling.org\/pl-pl\/#\/schema\/logo\/image\/\",\"url\":\"https:\/\/erp-recycling.org\/pl-pl\/wp-content\/uploads\/sites\/50\/2022\/11\/logo.svg\",\"contentUrl\":\"https:\/\/erp-recycling.org\/pl-pl\/wp-content\/uploads\/sites\/50\/2022\/11\/logo.svg\",\"width\":203,\"height\":77,\"caption\":\"Poland (PL)\"},\"image\":{\"@id\":\"https:\/\/erp-recycling.org\/pl-pl\/#\/schema\/logo\/image\/\"}},{\"@type\":\"Person\",\"@id\":\"https:\/\/erp-recycling.org\/pl-pl\/#\/schema\/person\/ab9d6b971d1ef4ae279fc92c78573593\",\"name\":\"mstaskiewicz\",\"image\":{\"@type\":\"ImageObject\",\"inLanguage\":\"pl-PL\",\"@id\":\"https:\/\/secure.gravatar.com\/avatar\/9f4a6df78a0e41bf0da08852639a7899a6cadf559f5248aaacfb5e1347d14db4?s=96&d=mm&r=g\",\"url\":\"https:\/\/secure.gravatar.com\/avatar\/9f4a6df78a0e41bf0da08852639a7899a6cadf559f5248aaacfb5e1347d14db4?s=96&d=mm&r=g\",\"contentUrl\":\"https:\/\/secure.gravatar.com\/avatar\/9f4a6df78a0e41bf0da08852639a7899a6cadf559f5248aaacfb5e1347d14db4?s=96&d=mm&r=g\",\"caption\":\"mstaskiewicz\"},\"url\":\"https:\/\/erp-recycling.org\/pl-pl\/news-and-events\/author\/mstaskiewicz\/\"}]}<\/script>\n<!-- \/ Yoast SEO plugin. -->","yoast_head_json":{"title":"Webinarium ERP Polska i Kancelarii DZP ju\u017c 1 kwietnia! - Poland (PL)","robots":{"index":"index","follow":"follow","max-snippet":"max-snippet:-1","max-image-preview":"max-image-preview:large","max-video-preview":"max-video-preview:-1"},"canonical":"https:\/\/erp-recycling.org\/pl-pl\/news-and-events\/2026\/03\/webinarium-erp-polska-i-kancelarii-dzp-juz-1-kwietnia\/","og_locale":"pl_PL","og_type":"article","og_title":"Webinarium ERP Polska i Kancelarii DZP ju\u017c 1 kwietnia! - Poland (PL)","og_description":"Nowe przepisy. Nowe wyzwania. PPWR zmienia rynek opakowa\u0144. Zmiany zaczynaj\u0105 si\u0119 ju\u017c dzisiaj. Jeste\u015b producentem, sprzedajesz lub korzystasz z opakowa\u0144? Spotkajmy si\u0119 na szkoleniu organizowanym przez ERP Polska we wsp\u00f3\u0142pracy z kancelari\u0105 Domanski Zakrzewski Palinka (DZP). 1 kwietnia ERP Polska rozpoczyna tegoroczn\u0105 seri\u0119 spotka\u0144, pe\u0142nych istotnej wiedzy z zakresu prawa i obowi\u0105zk\u00f3w dla producent\u00f3w. Pierwsze","og_url":"https:\/\/erp-recycling.org\/pl-pl\/news-and-events\/2026\/03\/webinarium-erp-polska-i-kancelarii-dzp-juz-1-kwietnia\/","og_site_name":"Poland (PL)","article_published_time":"2026-03-25T10:14:00+00:00","og_image":[{"width":613,"height":615,"url":"https:\/\/erp-recycling.org\/pl-pl\/wp-content\/uploads\/sites\/50\/2026\/03\/Zrzut-ekranu-2026-03-25-111312.png","type":"image\/png"}],"author":"mstaskiewicz","twitter_card":"summary_large_image","twitter_misc":{"Napisane przez":"mstaskiewicz","Szacowany czas czytania":"1 minuta"},"schema":{"@context":"https:\/\/schema.org","@graph":[{"@type":"Article","@id":"https:\/\/erp-recycling.org\/pl-pl\/news-and-events\/2026\/03\/webinarium-erp-polska-i-kancelarii-dzp-juz-1-kwietnia\/#article","isPartOf":{"@id":"https:\/\/erp-recycling.org\/pl-pl\/news-and-events\/2026\/03\/webinarium-erp-polska-i-kancelarii-dzp-juz-1-kwietnia\/"},"author":{"name":"mstaskiewicz","@id":"https:\/\/erp-recycling.org\/pl-pl\/#\/schema\/person\/ab9d6b971d1ef4ae279fc92c78573593"},"headline":"Webinarium ERP Polska i Kancelarii DZP ju\u017c 1 kwietnia!","datePublished":"2026-03-25T10:14:00+00:00","mainEntityOfPage":{"@id":"https:\/\/erp-recycling.org\/pl-pl\/news-and-events\/2026\/03\/webinarium-erp-polska-i-kancelarii-dzp-juz-1-kwietnia\/"},"wordCount":204,"publisher":{"@id":"https:\/\/erp-recycling.org\/pl-pl\/#organization"},"image":{"@id":"https:\/\/erp-recycling.org\/pl-pl\/news-and-events\/2026\/03\/webinarium-erp-polska-i-kancelarii-dzp-juz-1-kwietnia\/#primaryimage"},"thumbnailUrl":"https:\/\/erp-recycling.org\/pl-pl\/wp-content\/uploads\/sites\/50\/2026\/03\/Zrzut-ekranu-2026-03-25-111312.png","articleSection":["Aktualno\u015bci","News"],"inLanguage":"pl-PL"},{"@type":"WebPage","@id":"https:\/\/erp-recycling.org\/pl-pl\/news-and-events\/2026\/03\/webinarium-erp-polska-i-kancelarii-dzp-juz-1-kwietnia\/","url":"https:\/\/erp-recycling.org\/pl-pl\/news-and-events\/2026\/03\/webinarium-erp-polska-i-kancelarii-dzp-juz-1-kwietnia\/","name":"Webinarium ERP Polska i Kancelarii DZP ju\u017c 1 kwietnia! - Poland (PL)","isPartOf":{"@id":"https:\/\/erp-recycling.org\/pl-pl\/#website"},"primaryImageOfPage":{"@id":"https:\/\/erp-recycling.org\/pl-pl\/news-and-events\/2026\/03\/webinarium-erp-polska-i-kancelarii-dzp-juz-1-kwietnia\/#primaryimage"},"image":{"@id":"https:\/\/erp-recycling.org\/pl-pl\/news-and-events\/2026\/03\/webinarium-erp-polska-i-kancelarii-dzp-juz-1-kwietnia\/#primaryimage"},"thumbnailUrl":"https:\/\/erp-recycling.org\/pl-pl\/wp-content\/uploads\/sites\/50\/2026\/03\/Zrzut-ekranu-2026-03-25-111312.png","datePublished":"2026-03-25T10:14:00+00:00","breadcrumb":{"@id":"https:\/\/erp-recycling.org\/pl-pl\/news-and-events\/2026\/03\/webinarium-erp-polska-i-kancelarii-dzp-juz-1-kwietnia\/#breadcrumb"},"inLanguage":"pl-PL","potentialAction":[{"@type":"ReadAction","target":["https:\/\/erp-recycling.org\/pl-pl\/news-and-events\/2026\/03\/webinarium-erp-polska-i-kancelarii-dzp-juz-1-kwietnia\/"]}]},{"@type":"ImageObject","inLanguage":"pl-PL","@id":"https:\/\/erp-recycling.org\/pl-pl\/news-and-events\/2026\/03\/webinarium-erp-polska-i-kancelarii-dzp-juz-1-kwietnia\/#primaryimage","url":"https:\/\/erp-recycling.org\/pl-pl\/wp-content\/uploads\/sites\/50\/2026\/03\/Zrzut-ekranu-2026-03-25-111312.png","contentUrl":"https:\/\/erp-recycling.org\/pl-pl\/wp-content\/uploads\/sites\/50\/2026\/03\/Zrzut-ekranu-2026-03-25-111312.png","width":613,"height":615},{"@type":"BreadcrumbList","@id":"https:\/\/erp-recycling.org\/pl-pl\/news-and-events\/2026\/03\/webinarium-erp-polska-i-kancelarii-dzp-juz-1-kwietnia\/#breadcrumb","itemListElement":[{"@type":"ListItem","position":1,"name":"Frontpage","item":"https:\/\/erp-recycling.org\/pl-pl\/"},{"@type":"ListItem","position":2,"name":"Webinarium ERP Polska i Kancelarii DZP ju\u017c 1 kwietnia!"}]},{"@type":"WebSite","@id":"https:\/\/erp-recycling.org\/pl-pl\/#website","url":"https:\/\/erp-recycling.org\/pl-pl\/","name":"Poland (PL)","description":"A company of the Landbell Group","publisher":{"@id":"https:\/\/erp-recycling.org\/pl-pl\/#organization"},"potentialAction":[{"@type":"SearchAction","target":{"@type":"EntryPoint","urlTemplate":"https:\/\/erp-recycling.org\/pl-pl\/?s={search_term_string}"},"query-input":{"@type":"PropertyValueSpecification","valueRequired":true,"valueName":"search_term_string"}}],"inLanguage":"pl-PL"},{"@type":"Organization","@id":"https:\/\/erp-recycling.org\/pl-pl\/#organization","name":"Poland (PL)","url":"https:\/\/erp-recycling.org\/pl-pl\/","logo":{"@type":"ImageObject","inLanguage":"pl-PL","@id":"https:\/\/erp-recycling.org\/pl-pl\/#\/schema\/logo\/image\/","url":"https:\/\/erp-recycling.org\/pl-pl\/wp-content\/uploads\/sites\/50\/2022\/11\/logo.svg","contentUrl":"https:\/\/erp-recycling.org\/pl-pl\/wp-content\/uploads\/sites\/50\/2022\/11\/logo.svg","width":203,"height":77,"caption":"Poland (PL)"},"image":{"@id":"https:\/\/erp-recycling.org\/pl-pl\/#\/schema\/logo\/image\/"}},{"@type":"Person","@id":"https:\/\/erp-recycling.org\/pl-pl\/#\/schema\/person\/ab9d6b971d1ef4ae279fc92c78573593","name":"mstaskiewicz","image":{"@type":"ImageObject","inLanguage":"pl-PL","@id":"https:\/\/secure.gravatar.com\/avatar\/9f4a6df78a0e41bf0da08852639a7899a6cadf559f5248aaacfb5e1347d14db4?s=96&d=mm&r=g","url":"https:\/\/secure.gravatar.com\/avatar\/9f4a6df78a0e41bf0da08852639a7899a6cadf559f5248aaacfb5e1347d14db4?s=96&d=mm&r=g","contentUrl":"https:\/\/secure.gravatar.com\/avatar\/9f4a6df78a0e41bf0da08852639a7899a6cadf559f5248aaacfb5e1347d14db4?s=96&d=mm&r=g","caption":"mstaskiewicz"},"url":"https:\/\/erp-recycling.org\/pl-pl\/news-and-events\/author\/mstaskiewicz\/"}]}},"_links":{"self":[{"href":"https:\/\/erp-recycling.org\/pl-pl\/wp-json\/wp\/v2\/posts\/10180","targetHints":{"allow":["GET"]}}],"collection":[{"href":"https:\/\/erp-recycling.org\/pl-pl\/wp-json\/wp\/v2\/posts"}],"about":[{"href":"https:\/\/erp-recycling.org\/pl-pl\/wp-json\/wp\/v2\/types\/post"}],"author":[{"embeddable":true,"href":"https:\/\/erp-recycling.org\/pl-pl\/wp-json\/wp\/v2\/users\/45"}],"replies":[{"embeddable":true,"href":"https:\/\/erp-recycling.org\/pl-pl\/wp-json\/wp\/v2\/comments?post=10180"}],"version-history":[{"count":1,"href":"https:\/\/erp-recycling.org\/pl-pl\/wp-json\/wp\/v2\/posts\/10180\/revisions"}],"predecessor-version":[{"id":10182,"href":"https:\/\/erp-recycling.org\/pl-pl\/wp-json\/wp\/v2\/posts\/10180\/revisions\/10182"}],"wp:featuredmedia":[{"embeddable":true,"href":"https:\/\/erp-recycling.org\/pl-pl\/wp-json\/wp\/v2\/media\/10181"}],"wp:attachment":[{"href":"https:\/\/erp-recycling.org\/pl-pl\/wp-json\/wp\/v2\/media?parent=10180"}],"wp:term":[{"taxonomy":"category","embeddable":true,"href":"https:\/\/erp-recycling.org\/pl-pl\/wp-json\/wp\/v2\/categories?post=10180"},{"taxonomy":"post_tag","embeddable":true,"href":"https:\/\/erp-recycling.org\/pl-pl\/wp-json\/wp\/v2\/tags?post=10180"}],"curies":[{"name":"wp","href":"https:\/\/api.w.org\/{rel}","templated":true}]}}