{"id":9586,"date":"2023-08-18T11:42:22","date_gmt":"2023-08-18T09:42:22","guid":{"rendered":"https:\/\/erp-recycling.org\/pl-pl\/?p=9586"},"modified":"2023-08-18T11:42:22","modified_gmt":"2023-08-18T09:42:22","slug":"moda-na-recykling-3","status":"publish","type":"post","link":"https:\/\/erp-recycling.org\/pl-pl\/news-and-events\/2023\/08\/moda-na-recykling-3\/","title":{"rendered":"MODA NA RECYKLING"},"content":{"rendered":"<p>Tu\u017c przed Wielkim Fina\u0142em tegorocznej edycji naszej akcji ekologicznej \u201e<strong>Moda na Recykling<\/strong>\u201d mamy przyjemno\u015b\u0107 zaprezentowa\u0107 zdj\u0119cia kreacji i kostium\u00f3w wykonanych z elektroodpad\u00f3w. Wraz z projektantk\u0105 mody <strong>Ann\u0105 Kubisz<\/strong> odwiedzili\u015bmy w tym roku a\u017c 6 miejscowo\u015bci w Polsce, aby wsp\u00f3lnie z dzie\u0107mi i m\u0142odzie\u017c\u0105 wykona\u0107 te wspania\u0142e projekty! Dzieci i m\u0142odzie\u017c wykaza\u0142y si\u0119 niezwyk\u0142\u0105 kreatywno\u015bci\u0105 podczas warsztat\u00f3w i zainspirowane recyklingiem tworzy\u0142y tak\u017ce inne wspania\u0142e elementy garderoby, bi\u017cuteri\u0119, dodatki i ozdoby.<\/p>\n<p>Z okazji \u015awiatowego Dnia Recyklingu, kt\u00f3ry mia\u0142 miejsce w marcu zorganizowali\u015bmy specjalne warsztaty ekologiczne, podczas kt\u00f3rych r\u00f3wnie\u017c wykonano pi\u0119kn\u0105 kreacj\u0119 z elektrycznych element\u00f3w.<\/p>\n<p>Celem wszystkich warsztat\u00f3w \u201e<strong>Mody na Recykling<\/strong>\u201d by\u0142a oczywi\u015bcie <strong>edukacja ekologiczna<\/strong>, przekazanie wiedzy w zakresie segregacji odpad\u00f3w i odpowiedniego post\u0119powania ze sprz\u0119tem elektrycznym i elektronicznym oraz bateriami.<\/p>\n<p>Zapraszamy do obejrzenia zdj\u0119\u0107 z sesji zdj\u0119ciowej, w kt\u00f3rej wzi\u0119li udzia\u0142 znani i lubiani!<\/p>\n<p>&nbsp;<\/p>\n<p><img loading=\"lazy\" decoding=\"async\" class=\"alignnone size-medium wp-image-9587\" src=\"https:\/\/erp-recycling.org\/pl-pl\/wp-content\/uploads\/sites\/50\/2023\/08\/dddd-236x300.jpg\" alt=\"\" width=\"236\" height=\"300\" srcset=\"https:\/\/erp-recycling.org\/pl-pl\/wp-content\/uploads\/sites\/50\/2023\/08\/dddd-200x254.jpg 200w, https:\/\/erp-recycling.org\/pl-pl\/wp-content\/uploads\/sites\/50\/2023\/08\/dddd-236x300.jpg 236w, https:\/\/erp-recycling.org\/pl-pl\/wp-content\/uploads\/sites\/50\/2023\/08\/dddd-400x508.jpg 400w, https:\/\/erp-recycling.org\/pl-pl\/wp-content\/uploads\/sites\/50\/2023\/08\/dddd-600x762.jpg 600w, https:\/\/erp-recycling.org\/pl-pl\/wp-content\/uploads\/sites\/50\/2023\/08\/dddd-768x975.jpg 768w, https:\/\/erp-recycling.org\/pl-pl\/wp-content\/uploads\/sites\/50\/2023\/08\/dddd-800x1016.jpg 800w, https:\/\/erp-recycling.org\/pl-pl\/wp-content\/uploads\/sites\/50\/2023\/08\/dddd-806x1024.jpg 806w, https:\/\/erp-recycling.org\/pl-pl\/wp-content\/uploads\/sites\/50\/2023\/08\/dddd.jpg 1008w\" sizes=\"auto, (max-width: 236px) 100vw, 236px\" \/> <img loading=\"lazy\" decoding=\"async\" class=\"alignnone size-medium wp-image-9588\" src=\"https:\/\/erp-recycling.org\/pl-pl\/wp-content\/uploads\/sites\/50\/2023\/08\/s-246x300.jpg\" alt=\"\" width=\"246\" height=\"300\" srcset=\"https:\/\/erp-recycling.org\/pl-pl\/wp-content\/uploads\/sites\/50\/2023\/08\/s-200x244.jpg 200w, https:\/\/erp-recycling.org\/pl-pl\/wp-content\/uploads\/sites\/50\/2023\/08\/s-246x300.jpg 246w, https:\/\/erp-recycling.org\/pl-pl\/wp-content\/uploads\/sites\/50\/2023\/08\/s-400x489.jpg 400w, https:\/\/erp-recycling.org\/pl-pl\/wp-content\/uploads\/sites\/50\/2023\/08\/s-600x733.jpg 600w, https:\/\/erp-recycling.org\/pl-pl\/wp-content\/uploads\/sites\/50\/2023\/08\/s-768x938.jpg 768w, https:\/\/erp-recycling.org\/pl-pl\/wp-content\/uploads\/sites\/50\/2023\/08\/s-800x978.jpg 800w, https:\/\/erp-recycling.org\/pl-pl\/wp-content\/uploads\/sites\/50\/2023\/08\/s-838x1024.jpg 838w, https:\/\/erp-recycling.org\/pl-pl\/wp-content\/uploads\/sites\/50\/2023\/08\/s.jpg 960w\" sizes=\"auto, (max-width: 246px) 100vw, 246px\" \/> <img loading=\"lazy\" decoding=\"async\" class=\"alignnone size-medium wp-image-9589\" src=\"https:\/\/erp-recycling.org\/pl-pl\/wp-content\/uploads\/sites\/50\/2023\/08\/saaesja-260x300.jpg\" alt=\"\" width=\"260\" height=\"300\" srcset=\"https:\/\/erp-recycling.org\/pl-pl\/wp-content\/uploads\/sites\/50\/2023\/08\/saaesja-200x231.jpg 200w, https:\/\/erp-recycling.org\/pl-pl\/wp-content\/uploads\/sites\/50\/2023\/08\/saaesja-260x300.jpg 260w, https:\/\/erp-recycling.org\/pl-pl\/wp-content\/uploads\/sites\/50\/2023\/08\/saaesja-400x461.jpg 400w, https:\/\/erp-recycling.org\/pl-pl\/wp-content\/uploads\/sites\/50\/2023\/08\/saaesja-600x692.jpg 600w, https:\/\/erp-recycling.org\/pl-pl\/wp-content\/uploads\/sites\/50\/2023\/08\/saaesja-768x886.jpg 768w, https:\/\/erp-recycling.org\/pl-pl\/wp-content\/uploads\/sites\/50\/2023\/08\/saaesja-800x922.jpg 800w, https:\/\/erp-recycling.org\/pl-pl\/wp-content\/uploads\/sites\/50\/2023\/08\/saaesja-888x1024.jpg 888w, https:\/\/erp-recycling.org\/pl-pl\/wp-content\/uploads\/sites\/50\/2023\/08\/saaesja-1200x1384.jpg 1200w, https:\/\/erp-recycling.org\/pl-pl\/wp-content\/uploads\/sites\/50\/2023\/08\/saaesja-1332x1536.jpg 1332w, https:\/\/erp-recycling.org\/pl-pl\/wp-content\/uploads\/sites\/50\/2023\/08\/saaesja-1776x2048.jpg 1776w\" sizes=\"auto, (max-width: 260px) 100vw, 260px\" \/> <img loading=\"lazy\" decoding=\"async\" class=\"alignnone size-medium wp-image-9590\" src=\"https:\/\/erp-recycling.org\/pl-pl\/wp-content\/uploads\/sites\/50\/2023\/08\/ses-200x300.jpg\" alt=\"\" width=\"200\" height=\"300\" srcset=\"https:\/\/erp-recycling.org\/pl-pl\/wp-content\/uploads\/sites\/50\/2023\/08\/ses-200x300.jpg 200w, https:\/\/erp-recycling.org\/pl-pl\/wp-content\/uploads\/sites\/50\/2023\/08\/ses-400x599.jpg 400w, https:\/\/erp-recycling.org\/pl-pl\/wp-content\/uploads\/sites\/50\/2023\/08\/ses-600x899.jpg 600w, https:\/\/erp-recycling.org\/pl-pl\/wp-content\/uploads\/sites\/50\/2023\/08\/ses-683x1024.jpg 683w, https:\/\/erp-recycling.org\/pl-pl\/wp-content\/uploads\/sites\/50\/2023\/08\/ses-768x1151.jpg 768w, https:\/\/erp-recycling.org\/pl-pl\/wp-content\/uploads\/sites\/50\/2023\/08\/ses-800x1199.jpg 800w, https:\/\/erp-recycling.org\/pl-pl\/wp-content\/uploads\/sites\/50\/2023\/08\/ses-1025x1536.jpg 1025w, https:\/\/erp-recycling.org\/pl-pl\/wp-content\/uploads\/sites\/50\/2023\/08\/ses-1200x1798.jpg 1200w, https:\/\/erp-recycling.org\/pl-pl\/wp-content\/uploads\/sites\/50\/2023\/08\/ses-1367x2048.jpg 1367w, https:\/\/erp-recycling.org\/pl-pl\/wp-content\/uploads\/sites\/50\/2023\/08\/ses-scaled.jpg 1709w\" sizes=\"auto, (max-width: 200px) 100vw, 200px\" \/> <img loading=\"lazy\" decoding=\"async\" class=\"alignnone size-medium wp-image-9591\" src=\"https:\/\/erp-recycling.org\/pl-pl\/wp-content\/uploads\/sites\/50\/2023\/08\/sesj-300x300.jpg\" alt=\"\" width=\"300\" height=\"300\" srcset=\"https:\/\/erp-recycling.org\/pl-pl\/wp-content\/uploads\/sites\/50\/2023\/08\/sesj-66x66.jpg 66w, https:\/\/erp-recycling.org\/pl-pl\/wp-content\/uploads\/sites\/50\/2023\/08\/sesj-150x150.jpg 150w, https:\/\/erp-recycling.org\/pl-pl\/wp-content\/uploads\/sites\/50\/2023\/08\/sesj-200x200.jpg 200w, https:\/\/erp-recycling.org\/pl-pl\/wp-content\/uploads\/sites\/50\/2023\/08\/sesj-300x300.jpg 300w, https:\/\/erp-recycling.org\/pl-pl\/wp-content\/uploads\/sites\/50\/2023\/08\/sesj-400x400.jpg 400w, https:\/\/erp-recycling.org\/pl-pl\/wp-content\/uploads\/sites\/50\/2023\/08\/sesj-600x600.jpg 600w, https:\/\/erp-recycling.org\/pl-pl\/wp-content\/uploads\/sites\/50\/2023\/08\/sesj-768x768.jpg 768w, https:\/\/erp-recycling.org\/pl-pl\/wp-content\/uploads\/sites\/50\/2023\/08\/sesj-800x800.jpg 800w, https:\/\/erp-recycling.org\/pl-pl\/wp-content\/uploads\/sites\/50\/2023\/08\/sesj-1024x1024.jpg 1024w, https:\/\/erp-recycling.org\/pl-pl\/wp-content\/uploads\/sites\/50\/2023\/08\/sesj-1200x1200.jpg 1200w, https:\/\/erp-recycling.org\/pl-pl\/wp-content\/uploads\/sites\/50\/2023\/08\/sesj.jpg 1280w\" sizes=\"auto, (max-width: 300px) 100vw, 300px\" \/> <img loading=\"lazy\" decoding=\"async\" class=\"alignnone size-medium wp-image-9592\" src=\"https:\/\/erp-recycling.org\/pl-pl\/wp-content\/uploads\/sites\/50\/2023\/08\/sesja-265x300.jpg\" alt=\"\" width=\"265\" height=\"300\" srcset=\"https:\/\/erp-recycling.org\/pl-pl\/wp-content\/uploads\/sites\/50\/2023\/08\/sesja-200x227.jpg 200w, https:\/\/erp-recycling.org\/pl-pl\/wp-content\/uploads\/sites\/50\/2023\/08\/sesja-265x300.jpg 265w, https:\/\/erp-recycling.org\/pl-pl\/wp-content\/uploads\/sites\/50\/2023\/08\/sesja-400x453.jpg 400w, https:\/\/erp-recycling.org\/pl-pl\/wp-content\/uploads\/sites\/50\/2023\/08\/sesja-600x680.jpg 600w, https:\/\/erp-recycling.org\/pl-pl\/wp-content\/uploads\/sites\/50\/2023\/08\/sesja-768x870.jpg 768w, https:\/\/erp-recycling.org\/pl-pl\/wp-content\/uploads\/sites\/50\/2023\/08\/sesja-800x907.jpg 800w, https:\/\/erp-recycling.org\/pl-pl\/wp-content\/uploads\/sites\/50\/2023\/08\/sesja-904x1024.jpg 904w, https:\/\/erp-recycling.org\/pl-pl\/wp-content\/uploads\/sites\/50\/2023\/08\/sesja.jpg 960w\" sizes=\"auto, (max-width: 265px) 100vw, 265px\" \/> <img loading=\"lazy\" decoding=\"async\" class=\"alignnone size-medium wp-image-9593\" src=\"https:\/\/erp-recycling.org\/pl-pl\/wp-content\/uploads\/sites\/50\/2023\/08\/sesjaaa-200x300.jpg\" alt=\"\" width=\"200\" height=\"300\" srcset=\"https:\/\/erp-recycling.org\/pl-pl\/wp-content\/uploads\/sites\/50\/2023\/08\/sesjaaa-200x300.jpg 200w, https:\/\/erp-recycling.org\/pl-pl\/wp-content\/uploads\/sites\/50\/2023\/08\/sesjaaa-400x599.jpg 400w, https:\/\/erp-recycling.org\/pl-pl\/wp-content\/uploads\/sites\/50\/2023\/08\/sesjaaa-600x899.jpg 600w, https:\/\/erp-recycling.org\/pl-pl\/wp-content\/uploads\/sites\/50\/2023\/08\/sesjaaa-683x1024.jpg 683w, https:\/\/erp-recycling.org\/pl-pl\/wp-content\/uploads\/sites\/50\/2023\/08\/sesjaaa-768x1151.jpg 768w, https:\/\/erp-recycling.org\/pl-pl\/wp-content\/uploads\/sites\/50\/2023\/08\/sesjaaa-800x1199.jpg 800w, https:\/\/erp-recycling.org\/pl-pl\/wp-content\/uploads\/sites\/50\/2023\/08\/sesjaaa-1025x1536.jpg 1025w, https:\/\/erp-recycling.org\/pl-pl\/wp-content\/uploads\/sites\/50\/2023\/08\/sesjaaa-1200x1798.jpg 1200w, https:\/\/erp-recycling.org\/pl-pl\/wp-content\/uploads\/sites\/50\/2023\/08\/sesjaaa-1367x2048.jpg 1367w, https:\/\/erp-recycling.org\/pl-pl\/wp-content\/uploads\/sites\/50\/2023\/08\/sesjaaa-scaled.jpg 1709w\" sizes=\"auto, (max-width: 200px) 100vw, 200px\" \/><\/p>\n","protected":false},"excerpt":{"rendered":"<p>Tu\u017c przed Wielkim Fina\u0142em tegorocznej edycji naszej akcji ekologicznej \u201eModa na Recykling\u201d mamy przyjemno\u015b\u0107 zaprezentowa\u0107 zdj\u0119cia kreacji i kostium\u00f3w wykonanych z elektroodpad\u00f3w. Wraz z projektantk\u0105 mody Ann\u0105 Kubisz odwiedzili\u015bmy w tym roku a\u017c 6 miejscowo\u015bci w Polsce, aby wsp\u00f3lnie z dzie\u0107mi i m\u0142odzie\u017c\u0105 wykona\u0107 te wspania\u0142e projekty! Dzieci i m\u0142odzie\u017c wykaza\u0142y si\u0119 niezwyk\u0142\u0105 kreatywno\u015bci\u0105 podczas<\/p>\n","protected":false},"author":45,"featured_media":9588,"comment_status":"closed","ping_status":"open","sticky":false,"template":"","format":"standard","meta":{"_acf_changed":false,"_monsterinsights_skip_tracking":false,"_monsterinsights_sitenote_active":false,"_monsterinsights_sitenote_note":"","_monsterinsights_sitenote_category":0,"footnotes":""},"categories":[53,84],"tags":[],"class_list":["post-9586","post","type-post","status-publish","format-standard","has-post-thumbnail","hentry","category-aktualnosci","category-wydarzenia"],"acf":[],"yoast_head":"<!-- This site is optimized with the Yoast SEO plugin v27.2 - https:\/\/yoast.com\/product\/yoast-seo-wordpress\/ -->\n<title>MODA NA RECYKLING - Poland (PL)<\/title>\n<meta name=\"robots\" content=\"index, follow, max-snippet:-1, max-image-preview:large, max-video-preview:-1\" \/>\n<link rel=\"canonical\" href=\"https:\/\/erp-recycling.org\/pl-pl\/news-and-events\/2023\/08\/moda-na-recykling-3\/\" \/>\n<meta property=\"og:locale\" content=\"pl_PL\" \/>\n<meta property=\"og:type\" content=\"article\" \/>\n<meta property=\"og:title\" content=\"MODA NA RECYKLING - Poland (PL)\" \/>\n<meta property=\"og:description\" content=\"Tu\u017c przed Wielkim Fina\u0142em tegorocznej edycji naszej akcji ekologicznej \u201eModa na Recykling\u201d mamy przyjemno\u015b\u0107 zaprezentowa\u0107 zdj\u0119cia kreacji i kostium\u00f3w wykonanych z elektroodpad\u00f3w. Wraz z projektantk\u0105 mody Ann\u0105 Kubisz odwiedzili\u015bmy w tym roku a\u017c 6 miejscowo\u015bci w Polsce, aby wsp\u00f3lnie z dzie\u0107mi i m\u0142odzie\u017c\u0105 wykona\u0107 te wspania\u0142e projekty! Dzieci i m\u0142odzie\u017c wykaza\u0142y si\u0119 niezwyk\u0142\u0105 kreatywno\u015bci\u0105 podczas\" \/>\n<meta property=\"og:url\" content=\"https:\/\/erp-recycling.org\/pl-pl\/news-and-events\/2023\/08\/moda-na-recykling-3\/\" \/>\n<meta property=\"og:site_name\" content=\"Poland (PL)\" \/>\n<meta property=\"article:published_time\" content=\"2023-08-18T09:42:22+00:00\" \/>\n<meta property=\"og:image\" content=\"https:\/\/erp-recycling.org\/pl-pl\/wp-content\/uploads\/sites\/50\/2023\/08\/s.jpg\" \/>\n\t<meta property=\"og:image:width\" content=\"960\" \/>\n\t<meta property=\"og:image:height\" content=\"1173\" \/>\n\t<meta property=\"og:image:type\" content=\"image\/jpeg\" \/>\n<meta name=\"author\" content=\"mstaskiewicz\" \/>\n<meta name=\"twitter:card\" content=\"summary_large_image\" \/>\n<meta name=\"twitter:label1\" content=\"Napisane przez\" \/>\n\t<meta name=\"twitter:data1\" content=\"mstaskiewicz\" \/>\n\t<meta name=\"twitter:label2\" content=\"Szacowany czas czytania\" \/>\n\t<meta name=\"twitter:data2\" content=\"3 minuty\" \/>\n<script type=\"application\/ld+json\" class=\"yoast-schema-graph\">{\"@context\":\"https:\/\/schema.org\",\"@graph\":[{\"@type\":\"Article\",\"@id\":\"https:\/\/erp-recycling.org\/pl-pl\/news-and-events\/2023\/08\/moda-na-recykling-3\/#article\",\"isPartOf\":{\"@id\":\"https:\/\/erp-recycling.org\/pl-pl\/news-and-events\/2023\/08\/moda-na-recykling-3\/\"},\"author\":{\"name\":\"mstaskiewicz\",\"@id\":\"https:\/\/erp-recycling.org\/pl-pl\/#\/schema\/person\/ab9d6b971d1ef4ae279fc92c78573593\"},\"headline\":\"MODA NA RECYKLING\",\"datePublished\":\"2023-08-18T09:42:22+00:00\",\"mainEntityOfPage\":{\"@id\":\"https:\/\/erp-recycling.org\/pl-pl\/news-and-events\/2023\/08\/moda-na-recykling-3\/\"},\"wordCount\":168,\"publisher\":{\"@id\":\"https:\/\/erp-recycling.org\/pl-pl\/#organization\"},\"image\":{\"@id\":\"https:\/\/erp-recycling.org\/pl-pl\/news-and-events\/2023\/08\/moda-na-recykling-3\/#primaryimage\"},\"thumbnailUrl\":\"https:\/\/erp-recycling.org\/pl-pl\/wp-content\/uploads\/sites\/50\/2023\/08\/s.jpg\",\"articleSection\":[\"Aktualno\u015bci\",\"Wydarzenia\"],\"inLanguage\":\"pl-PL\"},{\"@type\":\"WebPage\",\"@id\":\"https:\/\/erp-recycling.org\/pl-pl\/news-and-events\/2023\/08\/moda-na-recykling-3\/\",\"url\":\"https:\/\/erp-recycling.org\/pl-pl\/news-and-events\/2023\/08\/moda-na-recykling-3\/\",\"name\":\"MODA NA RECYKLING - Poland (PL)\",\"isPartOf\":{\"@id\":\"https:\/\/erp-recycling.org\/pl-pl\/#website\"},\"primaryImageOfPage\":{\"@id\":\"https:\/\/erp-recycling.org\/pl-pl\/news-and-events\/2023\/08\/moda-na-recykling-3\/#primaryimage\"},\"image\":{\"@id\":\"https:\/\/erp-recycling.org\/pl-pl\/news-and-events\/2023\/08\/moda-na-recykling-3\/#primaryimage\"},\"thumbnailUrl\":\"https:\/\/erp-recycling.org\/pl-pl\/wp-content\/uploads\/sites\/50\/2023\/08\/s.jpg\",\"datePublished\":\"2023-08-18T09:42:22+00:00\",\"breadcrumb\":{\"@id\":\"https:\/\/erp-recycling.org\/pl-pl\/news-and-events\/2023\/08\/moda-na-recykling-3\/#breadcrumb\"},\"inLanguage\":\"pl-PL\",\"potentialAction\":[{\"@type\":\"ReadAction\",\"target\":[\"https:\/\/erp-recycling.org\/pl-pl\/news-and-events\/2023\/08\/moda-na-recykling-3\/\"]}]},{\"@type\":\"ImageObject\",\"inLanguage\":\"pl-PL\",\"@id\":\"https:\/\/erp-recycling.org\/pl-pl\/news-and-events\/2023\/08\/moda-na-recykling-3\/#primaryimage\",\"url\":\"https:\/\/erp-recycling.org\/pl-pl\/wp-content\/uploads\/sites\/50\/2023\/08\/s.jpg\",\"contentUrl\":\"https:\/\/erp-recycling.org\/pl-pl\/wp-content\/uploads\/sites\/50\/2023\/08\/s.jpg\",\"width\":960,\"height\":1173},{\"@type\":\"BreadcrumbList\",\"@id\":\"https:\/\/erp-recycling.org\/pl-pl\/news-and-events\/2023\/08\/moda-na-recykling-3\/#breadcrumb\",\"itemListElement\":[{\"@type\":\"ListItem\",\"position\":1,\"name\":\"Frontpage\",\"item\":\"https:\/\/erp-recycling.org\/pl-pl\/\"},{\"@type\":\"ListItem\",\"position\":2,\"name\":\"MODA NA RECYKLING\"}]},{\"@type\":\"WebSite\",\"@id\":\"https:\/\/erp-recycling.org\/pl-pl\/#website\",\"url\":\"https:\/\/erp-recycling.org\/pl-pl\/\",\"name\":\"Poland (PL)\",\"description\":\"A company of the Landbell Group\",\"publisher\":{\"@id\":\"https:\/\/erp-recycling.org\/pl-pl\/#organization\"},\"potentialAction\":[{\"@type\":\"SearchAction\",\"target\":{\"@type\":\"EntryPoint\",\"urlTemplate\":\"https:\/\/erp-recycling.org\/pl-pl\/?s={search_term_string}\"},\"query-input\":{\"@type\":\"PropertyValueSpecification\",\"valueRequired\":true,\"valueName\":\"search_term_string\"}}],\"inLanguage\":\"pl-PL\"},{\"@type\":\"Organization\",\"@id\":\"https:\/\/erp-recycling.org\/pl-pl\/#organization\",\"name\":\"Poland (PL)\",\"url\":\"https:\/\/erp-recycling.org\/pl-pl\/\",\"logo\":{\"@type\":\"ImageObject\",\"inLanguage\":\"pl-PL\",\"@id\":\"https:\/\/erp-recycling.org\/pl-pl\/#\/schema\/logo\/image\/\",\"url\":\"https:\/\/erp-recycling.org\/pl-pl\/wp-content\/uploads\/sites\/50\/2022\/11\/logo.svg\",\"contentUrl\":\"https:\/\/erp-recycling.org\/pl-pl\/wp-content\/uploads\/sites\/50\/2022\/11\/logo.svg\",\"width\":203,\"height\":77,\"caption\":\"Poland (PL)\"},\"image\":{\"@id\":\"https:\/\/erp-recycling.org\/pl-pl\/#\/schema\/logo\/image\/\"}},{\"@type\":\"Person\",\"@id\":\"https:\/\/erp-recycling.org\/pl-pl\/#\/schema\/person\/ab9d6b971d1ef4ae279fc92c78573593\",\"name\":\"mstaskiewicz\",\"image\":{\"@type\":\"ImageObject\",\"inLanguage\":\"pl-PL\",\"@id\":\"https:\/\/secure.gravatar.com\/avatar\/9f4a6df78a0e41bf0da08852639a7899a6cadf559f5248aaacfb5e1347d14db4?s=96&d=mm&r=g\",\"url\":\"https:\/\/secure.gravatar.com\/avatar\/9f4a6df78a0e41bf0da08852639a7899a6cadf559f5248aaacfb5e1347d14db4?s=96&d=mm&r=g\",\"contentUrl\":\"https:\/\/secure.gravatar.com\/avatar\/9f4a6df78a0e41bf0da08852639a7899a6cadf559f5248aaacfb5e1347d14db4?s=96&d=mm&r=g\",\"caption\":\"mstaskiewicz\"},\"url\":\"https:\/\/erp-recycling.org\/pl-pl\/news-and-events\/author\/mstaskiewicz\/\"}]}<\/script>\n<!-- \/ Yoast SEO plugin. -->","yoast_head_json":{"title":"MODA NA RECYKLING - Poland (PL)","robots":{"index":"index","follow":"follow","max-snippet":"max-snippet:-1","max-image-preview":"max-image-preview:large","max-video-preview":"max-video-preview:-1"},"canonical":"https:\/\/erp-recycling.org\/pl-pl\/news-and-events\/2023\/08\/moda-na-recykling-3\/","og_locale":"pl_PL","og_type":"article","og_title":"MODA NA RECYKLING - Poland (PL)","og_description":"Tu\u017c przed Wielkim Fina\u0142em tegorocznej edycji naszej akcji ekologicznej \u201eModa na Recykling\u201d mamy przyjemno\u015b\u0107 zaprezentowa\u0107 zdj\u0119cia kreacji i kostium\u00f3w wykonanych z elektroodpad\u00f3w. Wraz z projektantk\u0105 mody Ann\u0105 Kubisz odwiedzili\u015bmy w tym roku a\u017c 6 miejscowo\u015bci w Polsce, aby wsp\u00f3lnie z dzie\u0107mi i m\u0142odzie\u017c\u0105 wykona\u0107 te wspania\u0142e projekty! Dzieci i m\u0142odzie\u017c wykaza\u0142y si\u0119 niezwyk\u0142\u0105 kreatywno\u015bci\u0105 podczas","og_url":"https:\/\/erp-recycling.org\/pl-pl\/news-and-events\/2023\/08\/moda-na-recykling-3\/","og_site_name":"Poland (PL)","article_published_time":"2023-08-18T09:42:22+00:00","og_image":[{"width":960,"height":1173,"url":"https:\/\/erp-recycling.org\/pl-pl\/wp-content\/uploads\/sites\/50\/2023\/08\/s.jpg","type":"image\/jpeg"}],"author":"mstaskiewicz","twitter_card":"summary_large_image","twitter_misc":{"Napisane przez":"mstaskiewicz","Szacowany czas czytania":"3 minuty"},"schema":{"@context":"https:\/\/schema.org","@graph":[{"@type":"Article","@id":"https:\/\/erp-recycling.org\/pl-pl\/news-and-events\/2023\/08\/moda-na-recykling-3\/#article","isPartOf":{"@id":"https:\/\/erp-recycling.org\/pl-pl\/news-and-events\/2023\/08\/moda-na-recykling-3\/"},"author":{"name":"mstaskiewicz","@id":"https:\/\/erp-recycling.org\/pl-pl\/#\/schema\/person\/ab9d6b971d1ef4ae279fc92c78573593"},"headline":"MODA NA RECYKLING","datePublished":"2023-08-18T09:42:22+00:00","mainEntityOfPage":{"@id":"https:\/\/erp-recycling.org\/pl-pl\/news-and-events\/2023\/08\/moda-na-recykling-3\/"},"wordCount":168,"publisher":{"@id":"https:\/\/erp-recycling.org\/pl-pl\/#organization"},"image":{"@id":"https:\/\/erp-recycling.org\/pl-pl\/news-and-events\/2023\/08\/moda-na-recykling-3\/#primaryimage"},"thumbnailUrl":"https:\/\/erp-recycling.org\/pl-pl\/wp-content\/uploads\/sites\/50\/2023\/08\/s.jpg","articleSection":["Aktualno\u015bci","Wydarzenia"],"inLanguage":"pl-PL"},{"@type":"WebPage","@id":"https:\/\/erp-recycling.org\/pl-pl\/news-and-events\/2023\/08\/moda-na-recykling-3\/","url":"https:\/\/erp-recycling.org\/pl-pl\/news-and-events\/2023\/08\/moda-na-recykling-3\/","name":"MODA NA RECYKLING - Poland (PL)","isPartOf":{"@id":"https:\/\/erp-recycling.org\/pl-pl\/#website"},"primaryImageOfPage":{"@id":"https:\/\/erp-recycling.org\/pl-pl\/news-and-events\/2023\/08\/moda-na-recykling-3\/#primaryimage"},"image":{"@id":"https:\/\/erp-recycling.org\/pl-pl\/news-and-events\/2023\/08\/moda-na-recykling-3\/#primaryimage"},"thumbnailUrl":"https:\/\/erp-recycling.org\/pl-pl\/wp-content\/uploads\/sites\/50\/2023\/08\/s.jpg","datePublished":"2023-08-18T09:42:22+00:00","breadcrumb":{"@id":"https:\/\/erp-recycling.org\/pl-pl\/news-and-events\/2023\/08\/moda-na-recykling-3\/#breadcrumb"},"inLanguage":"pl-PL","potentialAction":[{"@type":"ReadAction","target":["https:\/\/erp-recycling.org\/pl-pl\/news-and-events\/2023\/08\/moda-na-recykling-3\/"]}]},{"@type":"ImageObject","inLanguage":"pl-PL","@id":"https:\/\/erp-recycling.org\/pl-pl\/news-and-events\/2023\/08\/moda-na-recykling-3\/#primaryimage","url":"https:\/\/erp-recycling.org\/pl-pl\/wp-content\/uploads\/sites\/50\/2023\/08\/s.jpg","contentUrl":"https:\/\/erp-recycling.org\/pl-pl\/wp-content\/uploads\/sites\/50\/2023\/08\/s.jpg","width":960,"height":1173},{"@type":"BreadcrumbList","@id":"https:\/\/erp-recycling.org\/pl-pl\/news-and-events\/2023\/08\/moda-na-recykling-3\/#breadcrumb","itemListElement":[{"@type":"ListItem","position":1,"name":"Frontpage","item":"https:\/\/erp-recycling.org\/pl-pl\/"},{"@type":"ListItem","position":2,"name":"MODA NA RECYKLING"}]},{"@type":"WebSite","@id":"https:\/\/erp-recycling.org\/pl-pl\/#website","url":"https:\/\/erp-recycling.org\/pl-pl\/","name":"Poland (PL)","description":"A company of the Landbell Group","publisher":{"@id":"https:\/\/erp-recycling.org\/pl-pl\/#organization"},"potentialAction":[{"@type":"SearchAction","target":{"@type":"EntryPoint","urlTemplate":"https:\/\/erp-recycling.org\/pl-pl\/?s={search_term_string}"},"query-input":{"@type":"PropertyValueSpecification","valueRequired":true,"valueName":"search_term_string"}}],"inLanguage":"pl-PL"},{"@type":"Organization","@id":"https:\/\/erp-recycling.org\/pl-pl\/#organization","name":"Poland (PL)","url":"https:\/\/erp-recycling.org\/pl-pl\/","logo":{"@type":"ImageObject","inLanguage":"pl-PL","@id":"https:\/\/erp-recycling.org\/pl-pl\/#\/schema\/logo\/image\/","url":"https:\/\/erp-recycling.org\/pl-pl\/wp-content\/uploads\/sites\/50\/2022\/11\/logo.svg","contentUrl":"https:\/\/erp-recycling.org\/pl-pl\/wp-content\/uploads\/sites\/50\/2022\/11\/logo.svg","width":203,"height":77,"caption":"Poland (PL)"},"image":{"@id":"https:\/\/erp-recycling.org\/pl-pl\/#\/schema\/logo\/image\/"}},{"@type":"Person","@id":"https:\/\/erp-recycling.org\/pl-pl\/#\/schema\/person\/ab9d6b971d1ef4ae279fc92c78573593","name":"mstaskiewicz","image":{"@type":"ImageObject","inLanguage":"pl-PL","@id":"https:\/\/secure.gravatar.com\/avatar\/9f4a6df78a0e41bf0da08852639a7899a6cadf559f5248aaacfb5e1347d14db4?s=96&d=mm&r=g","url":"https:\/\/secure.gravatar.com\/avatar\/9f4a6df78a0e41bf0da08852639a7899a6cadf559f5248aaacfb5e1347d14db4?s=96&d=mm&r=g","contentUrl":"https:\/\/secure.gravatar.com\/avatar\/9f4a6df78a0e41bf0da08852639a7899a6cadf559f5248aaacfb5e1347d14db4?s=96&d=mm&r=g","caption":"mstaskiewicz"},"url":"https:\/\/erp-recycling.org\/pl-pl\/news-and-events\/author\/mstaskiewicz\/"}]}},"_links":{"self":[{"href":"https:\/\/erp-recycling.org\/pl-pl\/wp-json\/wp\/v2\/posts\/9586","targetHints":{"allow":["GET"]}}],"collection":[{"href":"https:\/\/erp-recycling.org\/pl-pl\/wp-json\/wp\/v2\/posts"}],"about":[{"href":"https:\/\/erp-recycling.org\/pl-pl\/wp-json\/wp\/v2\/types\/post"}],"author":[{"embeddable":true,"href":"https:\/\/erp-recycling.org\/pl-pl\/wp-json\/wp\/v2\/users\/45"}],"replies":[{"embeddable":true,"href":"https:\/\/erp-recycling.org\/pl-pl\/wp-json\/wp\/v2\/comments?post=9586"}],"version-history":[{"count":1,"href":"https:\/\/erp-recycling.org\/pl-pl\/wp-json\/wp\/v2\/posts\/9586\/revisions"}],"predecessor-version":[{"id":9594,"href":"https:\/\/erp-recycling.org\/pl-pl\/wp-json\/wp\/v2\/posts\/9586\/revisions\/9594"}],"wp:featuredmedia":[{"embeddable":true,"href":"https:\/\/erp-recycling.org\/pl-pl\/wp-json\/wp\/v2\/media\/9588"}],"wp:attachment":[{"href":"https:\/\/erp-recycling.org\/pl-pl\/wp-json\/wp\/v2\/media?parent=9586"}],"wp:term":[{"taxonomy":"category","embeddable":true,"href":"https:\/\/erp-recycling.org\/pl-pl\/wp-json\/wp\/v2\/categories?post=9586"},{"taxonomy":"post_tag","embeddable":true,"href":"https:\/\/erp-recycling.org\/pl-pl\/wp-json\/wp\/v2\/tags?post=9586"}],"curies":[{"name":"wp","href":"https:\/\/api.w.org\/{rel}","templated":true}]}}