{"id":9824,"date":"2024-06-05T00:44:00","date_gmt":"2024-06-04T22:44:00","guid":{"rendered":"https:\/\/erp-recycling.org\/pl-pl\/?p=9824"},"modified":"2024-06-05T14:48:42","modified_gmt":"2024-06-05T12:48:42","slug":"swiatowy-dzien-ochrony-srodowiska","status":"publish","type":"post","link":"https:\/\/erp-recycling.org\/pl-pl\/news-and-events\/2024\/06\/swiatowy-dzien-ochrony-srodowiska\/","title":{"rendered":"\u015awiatowy Dzie\u0144 Ochrony \u015arodowiska"},"content":{"rendered":"<p><strong>\u015awiatowy Dzie\u0144 Ochrony \u015arodowiska<\/strong> rzuca \u015bwiat\u0142o na wiele wyzwa\u0144 \u015brodowiskowych. Ka\u017cdego roku wybierany jest odr\u0119bny temat, dotycz\u0105cy takich kwestii, jak zmiany klimatyczne, globalne ocieplenie i wylesianie. W tym roku tematem \u015awiatowego Dnia Ochrony \u015arodowiska jest: <strong>Rekultywacja grunt\u00f3w, pustynnienie i odporno\u015b\u0107 na susz\u0119<\/strong>. Liczba i czas trwania susz wzros\u0142y o 29 procent od 2000 r. \u2013 natomiast do 2050 r. susze mog\u0105 dotkn\u0105\u0107 ponad trzy czwarte \u015bwiatowej populacji \u2013 jak napisano na oficjalnej stronie internetowej ONZ.<\/p>\n<p>Nie mo\u017cemy cofn\u0105\u0107 czasu, ale mo\u017cemy sadzi\u0107 drzewa, lasy, o\u017cywia\u0107 \u017ar\u00f3d\u0142a wody i rekultywowa\u0107 gleby. Jeste\u015bmy pokoleniem, kt\u00f3re ma wp\u0142yw. Gospodarka o obiegu zamkni\u0119tym, recykling, zbi\u00f3rka i utylizacja sprz\u0119tu, baterii, opakowa\u0144 oraz tekstyli\u00f3w \u0142agodzi i niweluje wp\u0142yw tych odpad\u00f3w na \u015brodowisko.<\/p>\n<p>ERP Polska zaplanowa\u0142o celebrowanie \u015awiatowego Dnia Ochrony \u015arodowiska, sadz\u0105c drzewa oraz organizuj\u0105c zbi\u00f3rk\u0119 zu\u017cytego sprz\u0119tu elektrycznego i elektronicznego oraz baterii.<\/p>\n<p>&nbsp;<\/p>\n<p><em>#WorldEnvironmentDay #EnvironmentalPolicy #\u015awiatowyDzie\u0144\u015arodowiska #Gospodarkaoobieguzamknietym #recykling<\/em><\/p>\n<p>&nbsp;<\/p>\n<p><img loading=\"lazy\" decoding=\"async\" class=\"alignnone size-medium wp-image-9825\" src=\"https:\/\/erp-recycling.org\/pl-pl\/wp-content\/uploads\/sites\/50\/2024\/06\/GlobalSolutions3-300x200.jpg\" alt=\"\" width=\"300\" height=\"200\" srcset=\"https:\/\/erp-recycling.org\/pl-pl\/wp-content\/uploads\/sites\/50\/2024\/06\/GlobalSolutions3-200x133.jpg 200w, https:\/\/erp-recycling.org\/pl-pl\/wp-content\/uploads\/sites\/50\/2024\/06\/GlobalSolutions3-300x200.jpg 300w, https:\/\/erp-recycling.org\/pl-pl\/wp-content\/uploads\/sites\/50\/2024\/06\/GlobalSolutions3-400x267.jpg 400w, https:\/\/erp-recycling.org\/pl-pl\/wp-content\/uploads\/sites\/50\/2024\/06\/GlobalSolutions3-600x400.jpg 600w, https:\/\/erp-recycling.org\/pl-pl\/wp-content\/uploads\/sites\/50\/2024\/06\/GlobalSolutions3-768x512.jpg 768w, https:\/\/erp-recycling.org\/pl-pl\/wp-content\/uploads\/sites\/50\/2024\/06\/GlobalSolutions3-800x533.jpg 800w, https:\/\/erp-recycling.org\/pl-pl\/wp-content\/uploads\/sites\/50\/2024\/06\/GlobalSolutions3-1024x683.jpg 1024w, https:\/\/erp-recycling.org\/pl-pl\/wp-content\/uploads\/sites\/50\/2024\/06\/GlobalSolutions3-1200x800.jpg 1200w, https:\/\/erp-recycling.org\/pl-pl\/wp-content\/uploads\/sites\/50\/2024\/06\/GlobalSolutions3-1536x1024.jpg 1536w\" sizes=\"auto, (max-width: 300px) 100vw, 300px\" \/><\/p>\n","protected":false},"excerpt":{"rendered":"<p>\u015awiatowy Dzie\u0144 Ochrony \u015arodowiska rzuca \u015bwiat\u0142o na wiele wyzwa\u0144 \u015brodowiskowych. Ka\u017cdego roku wybierany jest odr\u0119bny temat, dotycz\u0105cy takich kwestii, jak zmiany klimatyczne, globalne ocieplenie i wylesianie. W tym roku tematem \u015awiatowego Dnia Ochrony \u015arodowiska jest: Rekultywacja grunt\u00f3w, pustynnienie i odporno\u015b\u0107 na susz\u0119. Liczba i czas trwania susz wzros\u0142y o 29 procent od 2000 r. \u2013<\/p>\n","protected":false},"author":45,"featured_media":9825,"comment_status":"closed","ping_status":"open","sticky":false,"template":"","format":"standard","meta":{"_acf_changed":false,"_monsterinsights_skip_tracking":false,"_monsterinsights_sitenote_active":false,"_monsterinsights_sitenote_note":"","_monsterinsights_sitenote_category":0,"footnotes":""},"categories":[53,5],"tags":[],"class_list":["post-9824","post","type-post","status-publish","format-standard","has-post-thumbnail","hentry","category-aktualnosci","category-news"],"acf":[],"yoast_head":"<!-- This site is optimized with the Yoast SEO plugin v27.2 - https:\/\/yoast.com\/product\/yoast-seo-wordpress\/ -->\n<title>\u015awiatowy Dzie\u0144 Ochrony \u015arodowiska - Poland (PL)<\/title>\n<meta name=\"robots\" content=\"index, follow, max-snippet:-1, max-image-preview:large, max-video-preview:-1\" \/>\n<link rel=\"canonical\" href=\"https:\/\/erp-recycling.org\/pl-pl\/news-and-events\/2024\/06\/swiatowy-dzien-ochrony-srodowiska\/\" \/>\n<meta property=\"og:locale\" content=\"pl_PL\" \/>\n<meta property=\"og:type\" content=\"article\" \/>\n<meta property=\"og:title\" content=\"\u015awiatowy Dzie\u0144 Ochrony \u015arodowiska - Poland (PL)\" \/>\n<meta property=\"og:description\" content=\"\u015awiatowy Dzie\u0144 Ochrony \u015arodowiska rzuca \u015bwiat\u0142o na wiele wyzwa\u0144 \u015brodowiskowych. Ka\u017cdego roku wybierany jest odr\u0119bny temat, dotycz\u0105cy takich kwestii, jak zmiany klimatyczne, globalne ocieplenie i wylesianie. W tym roku tematem \u015awiatowego Dnia Ochrony \u015arodowiska jest: Rekultywacja grunt\u00f3w, pustynnienie i odporno\u015b\u0107 na susz\u0119. Liczba i czas trwania susz wzros\u0142y o 29 procent od 2000 r. \u2013\" \/>\n<meta property=\"og:url\" content=\"https:\/\/erp-recycling.org\/pl-pl\/news-and-events\/2024\/06\/swiatowy-dzien-ochrony-srodowiska\/\" \/>\n<meta property=\"og:site_name\" content=\"Poland (PL)\" \/>\n<meta property=\"article:published_time\" content=\"2024-06-04T22:44:00+00:00\" \/>\n<meta property=\"article:modified_time\" content=\"2024-06-05T12:48:42+00:00\" \/>\n<meta property=\"og:image\" content=\"https:\/\/erp-recycling.org\/pl-pl\/wp-content\/uploads\/sites\/50\/2024\/06\/GlobalSolutions3.jpg\" \/>\n\t<meta property=\"og:image:width\" content=\"2121\" \/>\n\t<meta property=\"og:image:height\" content=\"1414\" \/>\n\t<meta property=\"og:image:type\" content=\"image\/jpeg\" \/>\n<meta name=\"author\" content=\"mstaskiewicz\" \/>\n<meta name=\"twitter:card\" content=\"summary_large_image\" \/>\n<meta name=\"twitter:label1\" content=\"Napisane przez\" \/>\n\t<meta name=\"twitter:data1\" content=\"mstaskiewicz\" \/>\n\t<meta name=\"twitter:label2\" content=\"Szacowany czas czytania\" \/>\n\t<meta name=\"twitter:data2\" content=\"2 minuty\" \/>\n<script type=\"application\/ld+json\" class=\"yoast-schema-graph\">{\"@context\":\"https:\/\/schema.org\",\"@graph\":[{\"@type\":\"Article\",\"@id\":\"https:\/\/erp-recycling.org\/pl-pl\/news-and-events\/2024\/06\/swiatowy-dzien-ochrony-srodowiska\/#article\",\"isPartOf\":{\"@id\":\"https:\/\/erp-recycling.org\/pl-pl\/news-and-events\/2024\/06\/swiatowy-dzien-ochrony-srodowiska\/\"},\"author\":{\"name\":\"mstaskiewicz\",\"@id\":\"https:\/\/erp-recycling.org\/pl-pl\/#\/schema\/person\/ab9d6b971d1ef4ae279fc92c78573593\"},\"headline\":\"\u015awiatowy Dzie\u0144 Ochrony \u015arodowiska\",\"datePublished\":\"2024-06-04T22:44:00+00:00\",\"dateModified\":\"2024-06-05T12:48:42+00:00\",\"mainEntityOfPage\":{\"@id\":\"https:\/\/erp-recycling.org\/pl-pl\/news-and-events\/2024\/06\/swiatowy-dzien-ochrony-srodowiska\/\"},\"wordCount\":169,\"publisher\":{\"@id\":\"https:\/\/erp-recycling.org\/pl-pl\/#organization\"},\"image\":{\"@id\":\"https:\/\/erp-recycling.org\/pl-pl\/news-and-events\/2024\/06\/swiatowy-dzien-ochrony-srodowiska\/#primaryimage\"},\"thumbnailUrl\":\"https:\/\/erp-recycling.org\/pl-pl\/wp-content\/uploads\/sites\/50\/2024\/06\/GlobalSolutions3.jpg\",\"articleSection\":[\"Aktualno\u015bci\",\"News\"],\"inLanguage\":\"pl-PL\"},{\"@type\":\"WebPage\",\"@id\":\"https:\/\/erp-recycling.org\/pl-pl\/news-and-events\/2024\/06\/swiatowy-dzien-ochrony-srodowiska\/\",\"url\":\"https:\/\/erp-recycling.org\/pl-pl\/news-and-events\/2024\/06\/swiatowy-dzien-ochrony-srodowiska\/\",\"name\":\"\u015awiatowy Dzie\u0144 Ochrony \u015arodowiska - Poland (PL)\",\"isPartOf\":{\"@id\":\"https:\/\/erp-recycling.org\/pl-pl\/#website\"},\"primaryImageOfPage\":{\"@id\":\"https:\/\/erp-recycling.org\/pl-pl\/news-and-events\/2024\/06\/swiatowy-dzien-ochrony-srodowiska\/#primaryimage\"},\"image\":{\"@id\":\"https:\/\/erp-recycling.org\/pl-pl\/news-and-events\/2024\/06\/swiatowy-dzien-ochrony-srodowiska\/#primaryimage\"},\"thumbnailUrl\":\"https:\/\/erp-recycling.org\/pl-pl\/wp-content\/uploads\/sites\/50\/2024\/06\/GlobalSolutions3.jpg\",\"datePublished\":\"2024-06-04T22:44:00+00:00\",\"dateModified\":\"2024-06-05T12:48:42+00:00\",\"breadcrumb\":{\"@id\":\"https:\/\/erp-recycling.org\/pl-pl\/news-and-events\/2024\/06\/swiatowy-dzien-ochrony-srodowiska\/#breadcrumb\"},\"inLanguage\":\"pl-PL\",\"potentialAction\":[{\"@type\":\"ReadAction\",\"target\":[\"https:\/\/erp-recycling.org\/pl-pl\/news-and-events\/2024\/06\/swiatowy-dzien-ochrony-srodowiska\/\"]}]},{\"@type\":\"ImageObject\",\"inLanguage\":\"pl-PL\",\"@id\":\"https:\/\/erp-recycling.org\/pl-pl\/news-and-events\/2024\/06\/swiatowy-dzien-ochrony-srodowiska\/#primaryimage\",\"url\":\"https:\/\/erp-recycling.org\/pl-pl\/wp-content\/uploads\/sites\/50\/2024\/06\/GlobalSolutions3.jpg\",\"contentUrl\":\"https:\/\/erp-recycling.org\/pl-pl\/wp-content\/uploads\/sites\/50\/2024\/06\/GlobalSolutions3.jpg\",\"width\":2121,\"height\":1414},{\"@type\":\"BreadcrumbList\",\"@id\":\"https:\/\/erp-recycling.org\/pl-pl\/news-and-events\/2024\/06\/swiatowy-dzien-ochrony-srodowiska\/#breadcrumb\",\"itemListElement\":[{\"@type\":\"ListItem\",\"position\":1,\"name\":\"Frontpage\",\"item\":\"https:\/\/erp-recycling.org\/pl-pl\/\"},{\"@type\":\"ListItem\",\"position\":2,\"name\":\"\u015awiatowy Dzie\u0144 Ochrony \u015arodowiska\"}]},{\"@type\":\"WebSite\",\"@id\":\"https:\/\/erp-recycling.org\/pl-pl\/#website\",\"url\":\"https:\/\/erp-recycling.org\/pl-pl\/\",\"name\":\"Poland (PL)\",\"description\":\"A company of the Landbell Group\",\"publisher\":{\"@id\":\"https:\/\/erp-recycling.org\/pl-pl\/#organization\"},\"potentialAction\":[{\"@type\":\"SearchAction\",\"target\":{\"@type\":\"EntryPoint\",\"urlTemplate\":\"https:\/\/erp-recycling.org\/pl-pl\/?s={search_term_string}\"},\"query-input\":{\"@type\":\"PropertyValueSpecification\",\"valueRequired\":true,\"valueName\":\"search_term_string\"}}],\"inLanguage\":\"pl-PL\"},{\"@type\":\"Organization\",\"@id\":\"https:\/\/erp-recycling.org\/pl-pl\/#organization\",\"name\":\"Poland (PL)\",\"url\":\"https:\/\/erp-recycling.org\/pl-pl\/\",\"logo\":{\"@type\":\"ImageObject\",\"inLanguage\":\"pl-PL\",\"@id\":\"https:\/\/erp-recycling.org\/pl-pl\/#\/schema\/logo\/image\/\",\"url\":\"https:\/\/erp-recycling.org\/pl-pl\/wp-content\/uploads\/sites\/50\/2022\/11\/logo.svg\",\"contentUrl\":\"https:\/\/erp-recycling.org\/pl-pl\/wp-content\/uploads\/sites\/50\/2022\/11\/logo.svg\",\"width\":203,\"height\":77,\"caption\":\"Poland (PL)\"},\"image\":{\"@id\":\"https:\/\/erp-recycling.org\/pl-pl\/#\/schema\/logo\/image\/\"}},{\"@type\":\"Person\",\"@id\":\"https:\/\/erp-recycling.org\/pl-pl\/#\/schema\/person\/ab9d6b971d1ef4ae279fc92c78573593\",\"name\":\"mstaskiewicz\",\"image\":{\"@type\":\"ImageObject\",\"inLanguage\":\"pl-PL\",\"@id\":\"https:\/\/secure.gravatar.com\/avatar\/9f4a6df78a0e41bf0da08852639a7899a6cadf559f5248aaacfb5e1347d14db4?s=96&d=mm&r=g\",\"url\":\"https:\/\/secure.gravatar.com\/avatar\/9f4a6df78a0e41bf0da08852639a7899a6cadf559f5248aaacfb5e1347d14db4?s=96&d=mm&r=g\",\"contentUrl\":\"https:\/\/secure.gravatar.com\/avatar\/9f4a6df78a0e41bf0da08852639a7899a6cadf559f5248aaacfb5e1347d14db4?s=96&d=mm&r=g\",\"caption\":\"mstaskiewicz\"},\"url\":\"https:\/\/erp-recycling.org\/pl-pl\/news-and-events\/author\/mstaskiewicz\/\"}]}<\/script>\n<!-- \/ Yoast SEO plugin. -->","yoast_head_json":{"title":"\u015awiatowy Dzie\u0144 Ochrony \u015arodowiska - Poland (PL)","robots":{"index":"index","follow":"follow","max-snippet":"max-snippet:-1","max-image-preview":"max-image-preview:large","max-video-preview":"max-video-preview:-1"},"canonical":"https:\/\/erp-recycling.org\/pl-pl\/news-and-events\/2024\/06\/swiatowy-dzien-ochrony-srodowiska\/","og_locale":"pl_PL","og_type":"article","og_title":"\u015awiatowy Dzie\u0144 Ochrony \u015arodowiska - Poland (PL)","og_description":"\u015awiatowy Dzie\u0144 Ochrony \u015arodowiska rzuca \u015bwiat\u0142o na wiele wyzwa\u0144 \u015brodowiskowych. Ka\u017cdego roku wybierany jest odr\u0119bny temat, dotycz\u0105cy takich kwestii, jak zmiany klimatyczne, globalne ocieplenie i wylesianie. W tym roku tematem \u015awiatowego Dnia Ochrony \u015arodowiska jest: Rekultywacja grunt\u00f3w, pustynnienie i odporno\u015b\u0107 na susz\u0119. Liczba i czas trwania susz wzros\u0142y o 29 procent od 2000 r. \u2013","og_url":"https:\/\/erp-recycling.org\/pl-pl\/news-and-events\/2024\/06\/swiatowy-dzien-ochrony-srodowiska\/","og_site_name":"Poland (PL)","article_published_time":"2024-06-04T22:44:00+00:00","article_modified_time":"2024-06-05T12:48:42+00:00","og_image":[{"width":2121,"height":1414,"url":"https:\/\/erp-recycling.org\/pl-pl\/wp-content\/uploads\/sites\/50\/2024\/06\/GlobalSolutions3.jpg","type":"image\/jpeg"}],"author":"mstaskiewicz","twitter_card":"summary_large_image","twitter_misc":{"Napisane przez":"mstaskiewicz","Szacowany czas czytania":"2 minuty"},"schema":{"@context":"https:\/\/schema.org","@graph":[{"@type":"Article","@id":"https:\/\/erp-recycling.org\/pl-pl\/news-and-events\/2024\/06\/swiatowy-dzien-ochrony-srodowiska\/#article","isPartOf":{"@id":"https:\/\/erp-recycling.org\/pl-pl\/news-and-events\/2024\/06\/swiatowy-dzien-ochrony-srodowiska\/"},"author":{"name":"mstaskiewicz","@id":"https:\/\/erp-recycling.org\/pl-pl\/#\/schema\/person\/ab9d6b971d1ef4ae279fc92c78573593"},"headline":"\u015awiatowy Dzie\u0144 Ochrony \u015arodowiska","datePublished":"2024-06-04T22:44:00+00:00","dateModified":"2024-06-05T12:48:42+00:00","mainEntityOfPage":{"@id":"https:\/\/erp-recycling.org\/pl-pl\/news-and-events\/2024\/06\/swiatowy-dzien-ochrony-srodowiska\/"},"wordCount":169,"publisher":{"@id":"https:\/\/erp-recycling.org\/pl-pl\/#organization"},"image":{"@id":"https:\/\/erp-recycling.org\/pl-pl\/news-and-events\/2024\/06\/swiatowy-dzien-ochrony-srodowiska\/#primaryimage"},"thumbnailUrl":"https:\/\/erp-recycling.org\/pl-pl\/wp-content\/uploads\/sites\/50\/2024\/06\/GlobalSolutions3.jpg","articleSection":["Aktualno\u015bci","News"],"inLanguage":"pl-PL"},{"@type":"WebPage","@id":"https:\/\/erp-recycling.org\/pl-pl\/news-and-events\/2024\/06\/swiatowy-dzien-ochrony-srodowiska\/","url":"https:\/\/erp-recycling.org\/pl-pl\/news-and-events\/2024\/06\/swiatowy-dzien-ochrony-srodowiska\/","name":"\u015awiatowy Dzie\u0144 Ochrony \u015arodowiska - Poland (PL)","isPartOf":{"@id":"https:\/\/erp-recycling.org\/pl-pl\/#website"},"primaryImageOfPage":{"@id":"https:\/\/erp-recycling.org\/pl-pl\/news-and-events\/2024\/06\/swiatowy-dzien-ochrony-srodowiska\/#primaryimage"},"image":{"@id":"https:\/\/erp-recycling.org\/pl-pl\/news-and-events\/2024\/06\/swiatowy-dzien-ochrony-srodowiska\/#primaryimage"},"thumbnailUrl":"https:\/\/erp-recycling.org\/pl-pl\/wp-content\/uploads\/sites\/50\/2024\/06\/GlobalSolutions3.jpg","datePublished":"2024-06-04T22:44:00+00:00","dateModified":"2024-06-05T12:48:42+00:00","breadcrumb":{"@id":"https:\/\/erp-recycling.org\/pl-pl\/news-and-events\/2024\/06\/swiatowy-dzien-ochrony-srodowiska\/#breadcrumb"},"inLanguage":"pl-PL","potentialAction":[{"@type":"ReadAction","target":["https:\/\/erp-recycling.org\/pl-pl\/news-and-events\/2024\/06\/swiatowy-dzien-ochrony-srodowiska\/"]}]},{"@type":"ImageObject","inLanguage":"pl-PL","@id":"https:\/\/erp-recycling.org\/pl-pl\/news-and-events\/2024\/06\/swiatowy-dzien-ochrony-srodowiska\/#primaryimage","url":"https:\/\/erp-recycling.org\/pl-pl\/wp-content\/uploads\/sites\/50\/2024\/06\/GlobalSolutions3.jpg","contentUrl":"https:\/\/erp-recycling.org\/pl-pl\/wp-content\/uploads\/sites\/50\/2024\/06\/GlobalSolutions3.jpg","width":2121,"height":1414},{"@type":"BreadcrumbList","@id":"https:\/\/erp-recycling.org\/pl-pl\/news-and-events\/2024\/06\/swiatowy-dzien-ochrony-srodowiska\/#breadcrumb","itemListElement":[{"@type":"ListItem","position":1,"name":"Frontpage","item":"https:\/\/erp-recycling.org\/pl-pl\/"},{"@type":"ListItem","position":2,"name":"\u015awiatowy Dzie\u0144 Ochrony \u015arodowiska"}]},{"@type":"WebSite","@id":"https:\/\/erp-recycling.org\/pl-pl\/#website","url":"https:\/\/erp-recycling.org\/pl-pl\/","name":"Poland (PL)","description":"A company of the Landbell Group","publisher":{"@id":"https:\/\/erp-recycling.org\/pl-pl\/#organization"},"potentialAction":[{"@type":"SearchAction","target":{"@type":"EntryPoint","urlTemplate":"https:\/\/erp-recycling.org\/pl-pl\/?s={search_term_string}"},"query-input":{"@type":"PropertyValueSpecification","valueRequired":true,"valueName":"search_term_string"}}],"inLanguage":"pl-PL"},{"@type":"Organization","@id":"https:\/\/erp-recycling.org\/pl-pl\/#organization","name":"Poland (PL)","url":"https:\/\/erp-recycling.org\/pl-pl\/","logo":{"@type":"ImageObject","inLanguage":"pl-PL","@id":"https:\/\/erp-recycling.org\/pl-pl\/#\/schema\/logo\/image\/","url":"https:\/\/erp-recycling.org\/pl-pl\/wp-content\/uploads\/sites\/50\/2022\/11\/logo.svg","contentUrl":"https:\/\/erp-recycling.org\/pl-pl\/wp-content\/uploads\/sites\/50\/2022\/11\/logo.svg","width":203,"height":77,"caption":"Poland (PL)"},"image":{"@id":"https:\/\/erp-recycling.org\/pl-pl\/#\/schema\/logo\/image\/"}},{"@type":"Person","@id":"https:\/\/erp-recycling.org\/pl-pl\/#\/schema\/person\/ab9d6b971d1ef4ae279fc92c78573593","name":"mstaskiewicz","image":{"@type":"ImageObject","inLanguage":"pl-PL","@id":"https:\/\/secure.gravatar.com\/avatar\/9f4a6df78a0e41bf0da08852639a7899a6cadf559f5248aaacfb5e1347d14db4?s=96&d=mm&r=g","url":"https:\/\/secure.gravatar.com\/avatar\/9f4a6df78a0e41bf0da08852639a7899a6cadf559f5248aaacfb5e1347d14db4?s=96&d=mm&r=g","contentUrl":"https:\/\/secure.gravatar.com\/avatar\/9f4a6df78a0e41bf0da08852639a7899a6cadf559f5248aaacfb5e1347d14db4?s=96&d=mm&r=g","caption":"mstaskiewicz"},"url":"https:\/\/erp-recycling.org\/pl-pl\/news-and-events\/author\/mstaskiewicz\/"}]}},"_links":{"self":[{"href":"https:\/\/erp-recycling.org\/pl-pl\/wp-json\/wp\/v2\/posts\/9824","targetHints":{"allow":["GET"]}}],"collection":[{"href":"https:\/\/erp-recycling.org\/pl-pl\/wp-json\/wp\/v2\/posts"}],"about":[{"href":"https:\/\/erp-recycling.org\/pl-pl\/wp-json\/wp\/v2\/types\/post"}],"author":[{"embeddable":true,"href":"https:\/\/erp-recycling.org\/pl-pl\/wp-json\/wp\/v2\/users\/45"}],"replies":[{"embeddable":true,"href":"https:\/\/erp-recycling.org\/pl-pl\/wp-json\/wp\/v2\/comments?post=9824"}],"version-history":[{"count":2,"href":"https:\/\/erp-recycling.org\/pl-pl\/wp-json\/wp\/v2\/posts\/9824\/revisions"}],"predecessor-version":[{"id":9827,"href":"https:\/\/erp-recycling.org\/pl-pl\/wp-json\/wp\/v2\/posts\/9824\/revisions\/9827"}],"wp:featuredmedia":[{"embeddable":true,"href":"https:\/\/erp-recycling.org\/pl-pl\/wp-json\/wp\/v2\/media\/9825"}],"wp:attachment":[{"href":"https:\/\/erp-recycling.org\/pl-pl\/wp-json\/wp\/v2\/media?parent=9824"}],"wp:term":[{"taxonomy":"category","embeddable":true,"href":"https:\/\/erp-recycling.org\/pl-pl\/wp-json\/wp\/v2\/categories?post=9824"},{"taxonomy":"post_tag","embeddable":true,"href":"https:\/\/erp-recycling.org\/pl-pl\/wp-json\/wp\/v2\/tags?post=9824"}],"curies":[{"name":"wp","href":"https:\/\/api.w.org\/{rel}","templated":true}]}}