{"id":10464,"date":"2025-10-07T17:27:26","date_gmt":"2025-10-07T16:27:26","guid":{"rendered":"https:\/\/erp-recycling.org\/pt-pt\/?p=10464"},"modified":"2025-10-07T17:27:26","modified_gmt":"2025-10-07T16:27:26","slug":"erp-portugal-marca-presenca-no-primavera-sound-porto-com-o-mote-reciclar-fica-tao-bem","status":"publish","type":"post","link":"https:\/\/erp-recycling.org\/pt-pt\/news-and-events\/2025\/10\/erp-portugal-marca-presenca-no-primavera-sound-porto-com-o-mote-reciclar-fica-tao-bem\/","title":{"rendered":"ERP Portugal marca presen\u00e7a no Primavera Sound Porto com o mote &#8216;Reciclar Fica T\u00e3o Bem!"},"content":{"rendered":"<p>ERP Portugal, entidade gestora de res\u00edduos de equipamentos el\u00e9tricos e eletr\u00f3nicos (REEE), pilhas e baterias (RB), respetivamente, marcou presen\u00e7a no Festival Primavera Sound Porto, no Parque da Cidade do Porto. Com o novo mote\u00a0\u201cReciclar Fica T\u00e3o Bem!\u201d, a ERP Portugal esteve na &#8220;Pra\u00e7a da Sustentabilidade&#8221; com um conjunto de ativa\u00e7\u00f5es que demonstraram a intemporalidade da reciclagem e a sua relev\u00e2ncia cont\u00ednua.<\/p>\n","protected":false},"excerpt":{"rendered":"<p>ERP Portugal, entidade gestora de res\u00edduos de equipamentos el\u00e9tricos e eletr\u00f3nicos (REEE), pilhas e baterias (RB), respetivamente, marcou presen\u00e7a no Festival Primavera Sound Porto, no Parque da Cidade do Porto. Com o novo mote\u00a0\u201cReciclar Fica T\u00e3o Bem!\u201d, a ERP Portugal esteve na &#8220;Pra\u00e7a da Sustentabilidade&#8221; com um conjunto de ativa\u00e7\u00f5es que demonstraram a intemporalidade da<\/p>\n","protected":false},"author":62,"featured_media":10465,"comment_status":"closed","ping_status":"open","sticky":false,"template":"","format":"standard","meta":{"_acf_changed":false,"_monsterinsights_skip_tracking":false,"_monsterinsights_sitenote_active":false,"_monsterinsights_sitenote_note":"","_monsterinsights_sitenote_category":0,"footnotes":""},"categories":[53],"tags":[],"class_list":["post-10464","post","type-post","status-publish","format-standard","has-post-thumbnail","hentry","category-noticia"],"acf":[],"yoast_head":"<!-- This site is optimized with the Yoast SEO plugin v27.2 - https:\/\/yoast.com\/product\/yoast-seo-wordpress\/ -->\n<title>ERP Portugal marca presen\u00e7a no Primavera Sound Porto com o mote &#039;Reciclar Fica T\u00e3o Bem! - Portugal (PT)<\/title>\n<meta name=\"robots\" content=\"index, follow, max-snippet:-1, max-image-preview:large, max-video-preview:-1\" \/>\n<link rel=\"canonical\" href=\"https:\/\/erp-recycling.org\/pt-pt\/news-and-events\/2025\/10\/erp-portugal-marca-presenca-no-primavera-sound-porto-com-o-mote-reciclar-fica-tao-bem\/\" \/>\n<meta property=\"og:locale\" content=\"pt_PT\" \/>\n<meta property=\"og:type\" content=\"article\" \/>\n<meta property=\"og:title\" content=\"ERP Portugal marca presen\u00e7a no Primavera Sound Porto com o mote &#039;Reciclar Fica T\u00e3o Bem! - Portugal (PT)\" \/>\n<meta property=\"og:description\" content=\"ERP Portugal, entidade gestora de res\u00edduos de equipamentos el\u00e9tricos e eletr\u00f3nicos (REEE), pilhas e baterias (RB), respetivamente, marcou presen\u00e7a no Festival Primavera Sound Porto, no Parque da Cidade do Porto. Com o novo mote\u00a0\u201cReciclar Fica T\u00e3o Bem!\u201d, a ERP Portugal esteve na &#8220;Pra\u00e7a da Sustentabilidade&#8221; com um conjunto de ativa\u00e7\u00f5es que demonstraram a intemporalidade da\" \/>\n<meta property=\"og:url\" content=\"https:\/\/erp-recycling.org\/pt-pt\/news-and-events\/2025\/10\/erp-portugal-marca-presenca-no-primavera-sound-porto-com-o-mote-reciclar-fica-tao-bem\/\" \/>\n<meta property=\"og:site_name\" content=\"Portugal (PT)\" \/>\n<meta property=\"article:published_time\" content=\"2025-10-07T16:27:26+00:00\" \/>\n<meta property=\"og:image\" content=\"https:\/\/erp-recycling.org\/pt-pt\/wp-content\/uploads\/sites\/53\/2025\/10\/2.jpeg\" \/>\n\t<meta property=\"og:image:width\" content=\"1200\" \/>\n\t<meta property=\"og:image:height\" content=\"1600\" \/>\n\t<meta property=\"og:image:type\" content=\"image\/jpeg\" \/>\n<meta name=\"author\" content=\"mpolonio\" \/>\n<meta name=\"twitter:card\" content=\"summary_large_image\" \/>\n<meta name=\"twitter:label1\" content=\"Escrito por\" \/>\n\t<meta name=\"twitter:data1\" content=\"mpolonio\" \/>\n\t<meta name=\"twitter:label2\" content=\"Tempo estimado de leitura\" \/>\n\t<meta name=\"twitter:data2\" content=\"1 minuto\" \/>\n<script type=\"application\/ld+json\" class=\"yoast-schema-graph\">{\"@context\":\"https:\/\/schema.org\",\"@graph\":[{\"@type\":\"Article\",\"@id\":\"https:\/\/erp-recycling.org\/pt-pt\/news-and-events\/2025\/10\/erp-portugal-marca-presenca-no-primavera-sound-porto-com-o-mote-reciclar-fica-tao-bem\/#article\",\"isPartOf\":{\"@id\":\"https:\/\/erp-recycling.org\/pt-pt\/news-and-events\/2025\/10\/erp-portugal-marca-presenca-no-primavera-sound-porto-com-o-mote-reciclar-fica-tao-bem\/\"},\"author\":{\"name\":\"mpolonio\",\"@id\":\"https:\/\/erp-recycling.org\/pt-pt\/#\/schema\/person\/8d236f274b54848fc0755641b2034abd\"},\"headline\":\"ERP Portugal marca presen\u00e7a no Primavera Sound Porto com o mote &#8216;Reciclar Fica T\u00e3o Bem!\",\"datePublished\":\"2025-10-07T16:27:26+00:00\",\"mainEntityOfPage\":{\"@id\":\"https:\/\/erp-recycling.org\/pt-pt\/news-and-events\/2025\/10\/erp-portugal-marca-presenca-no-primavera-sound-porto-com-o-mote-reciclar-fica-tao-bem\/\"},\"wordCount\":88,\"image\":{\"@id\":\"https:\/\/erp-recycling.org\/pt-pt\/news-and-events\/2025\/10\/erp-portugal-marca-presenca-no-primavera-sound-porto-com-o-mote-reciclar-fica-tao-bem\/#primaryimage\"},\"thumbnailUrl\":\"https:\/\/erp-recycling.org\/pt-pt\/wp-content\/uploads\/sites\/53\/2025\/10\/2.jpeg\",\"articleSection\":[\"Not\u00edcia\"],\"inLanguage\":\"pt-PT\"},{\"@type\":\"WebPage\",\"@id\":\"https:\/\/erp-recycling.org\/pt-pt\/news-and-events\/2025\/10\/erp-portugal-marca-presenca-no-primavera-sound-porto-com-o-mote-reciclar-fica-tao-bem\/\",\"url\":\"https:\/\/erp-recycling.org\/pt-pt\/news-and-events\/2025\/10\/erp-portugal-marca-presenca-no-primavera-sound-porto-com-o-mote-reciclar-fica-tao-bem\/\",\"name\":\"ERP Portugal marca presen\u00e7a no Primavera Sound Porto com o mote 'Reciclar Fica T\u00e3o Bem! - Portugal (PT)\",\"isPartOf\":{\"@id\":\"https:\/\/erp-recycling.org\/pt-pt\/#website\"},\"primaryImageOfPage\":{\"@id\":\"https:\/\/erp-recycling.org\/pt-pt\/news-and-events\/2025\/10\/erp-portugal-marca-presenca-no-primavera-sound-porto-com-o-mote-reciclar-fica-tao-bem\/#primaryimage\"},\"image\":{\"@id\":\"https:\/\/erp-recycling.org\/pt-pt\/news-and-events\/2025\/10\/erp-portugal-marca-presenca-no-primavera-sound-porto-com-o-mote-reciclar-fica-tao-bem\/#primaryimage\"},\"thumbnailUrl\":\"https:\/\/erp-recycling.org\/pt-pt\/wp-content\/uploads\/sites\/53\/2025\/10\/2.jpeg\",\"datePublished\":\"2025-10-07T16:27:26+00:00\",\"author\":{\"@id\":\"https:\/\/erp-recycling.org\/pt-pt\/#\/schema\/person\/8d236f274b54848fc0755641b2034abd\"},\"breadcrumb\":{\"@id\":\"https:\/\/erp-recycling.org\/pt-pt\/news-and-events\/2025\/10\/erp-portugal-marca-presenca-no-primavera-sound-porto-com-o-mote-reciclar-fica-tao-bem\/#breadcrumb\"},\"inLanguage\":\"pt-PT\",\"potentialAction\":[{\"@type\":\"ReadAction\",\"target\":[\"https:\/\/erp-recycling.org\/pt-pt\/news-and-events\/2025\/10\/erp-portugal-marca-presenca-no-primavera-sound-porto-com-o-mote-reciclar-fica-tao-bem\/\"]}]},{\"@type\":\"ImageObject\",\"inLanguage\":\"pt-PT\",\"@id\":\"https:\/\/erp-recycling.org\/pt-pt\/news-and-events\/2025\/10\/erp-portugal-marca-presenca-no-primavera-sound-porto-com-o-mote-reciclar-fica-tao-bem\/#primaryimage\",\"url\":\"https:\/\/erp-recycling.org\/pt-pt\/wp-content\/uploads\/sites\/53\/2025\/10\/2.jpeg\",\"contentUrl\":\"https:\/\/erp-recycling.org\/pt-pt\/wp-content\/uploads\/sites\/53\/2025\/10\/2.jpeg\",\"width\":1200,\"height\":1600},{\"@type\":\"BreadcrumbList\",\"@id\":\"https:\/\/erp-recycling.org\/pt-pt\/news-and-events\/2025\/10\/erp-portugal-marca-presenca-no-primavera-sound-porto-com-o-mote-reciclar-fica-tao-bem\/#breadcrumb\",\"itemListElement\":[{\"@type\":\"ListItem\",\"position\":1,\"name\":\"Frontpage\",\"item\":\"https:\/\/erp-recycling.org\/pt-pt\/\"},{\"@type\":\"ListItem\",\"position\":2,\"name\":\"ERP Portugal marca presen\u00e7a no Primavera Sound Porto com o mote &#8216;Reciclar Fica T\u00e3o Bem!\"}]},{\"@type\":\"WebSite\",\"@id\":\"https:\/\/erp-recycling.org\/pt-pt\/#website\",\"url\":\"https:\/\/erp-recycling.org\/pt-pt\/\",\"name\":\"Portugal (PT)\",\"description\":\"A company of the Landbell Group\",\"potentialAction\":[{\"@type\":\"SearchAction\",\"target\":{\"@type\":\"EntryPoint\",\"urlTemplate\":\"https:\/\/erp-recycling.org\/pt-pt\/?s={search_term_string}\"},\"query-input\":{\"@type\":\"PropertyValueSpecification\",\"valueRequired\":true,\"valueName\":\"search_term_string\"}}],\"inLanguage\":\"pt-PT\"},{\"@type\":\"Person\",\"@id\":\"https:\/\/erp-recycling.org\/pt-pt\/#\/schema\/person\/8d236f274b54848fc0755641b2034abd\",\"name\":\"mpolonio\",\"image\":{\"@type\":\"ImageObject\",\"inLanguage\":\"pt-PT\",\"@id\":\"https:\/\/secure.gravatar.com\/avatar\/2af10cb497f177d50cb3b6da4f051b220c1717b1fce13ad5d01178f161773049?s=96&d=mm&r=g\",\"url\":\"https:\/\/secure.gravatar.com\/avatar\/2af10cb497f177d50cb3b6da4f051b220c1717b1fce13ad5d01178f161773049?s=96&d=mm&r=g\",\"contentUrl\":\"https:\/\/secure.gravatar.com\/avatar\/2af10cb497f177d50cb3b6da4f051b220c1717b1fce13ad5d01178f161773049?s=96&d=mm&r=g\",\"caption\":\"mpolonio\"},\"url\":\"https:\/\/erp-recycling.org\/pt-pt\/news-and-events\/author\/mpolonio\/\"}]}<\/script>\n<!-- \/ Yoast SEO plugin. -->","yoast_head_json":{"title":"ERP Portugal marca presen\u00e7a no Primavera Sound Porto com o mote 'Reciclar Fica T\u00e3o Bem! - Portugal (PT)","robots":{"index":"index","follow":"follow","max-snippet":"max-snippet:-1","max-image-preview":"max-image-preview:large","max-video-preview":"max-video-preview:-1"},"canonical":"https:\/\/erp-recycling.org\/pt-pt\/news-and-events\/2025\/10\/erp-portugal-marca-presenca-no-primavera-sound-porto-com-o-mote-reciclar-fica-tao-bem\/","og_locale":"pt_PT","og_type":"article","og_title":"ERP Portugal marca presen\u00e7a no Primavera Sound Porto com o mote 'Reciclar Fica T\u00e3o Bem! - Portugal (PT)","og_description":"ERP Portugal, entidade gestora de res\u00edduos de equipamentos el\u00e9tricos e eletr\u00f3nicos (REEE), pilhas e baterias (RB), respetivamente, marcou presen\u00e7a no Festival Primavera Sound Porto, no Parque da Cidade do Porto. Com o novo mote\u00a0\u201cReciclar Fica T\u00e3o Bem!\u201d, a ERP Portugal esteve na &#8220;Pra\u00e7a da Sustentabilidade&#8221; com um conjunto de ativa\u00e7\u00f5es que demonstraram a intemporalidade da","og_url":"https:\/\/erp-recycling.org\/pt-pt\/news-and-events\/2025\/10\/erp-portugal-marca-presenca-no-primavera-sound-porto-com-o-mote-reciclar-fica-tao-bem\/","og_site_name":"Portugal (PT)","article_published_time":"2025-10-07T16:27:26+00:00","og_image":[{"width":1200,"height":1600,"url":"https:\/\/erp-recycling.org\/pt-pt\/wp-content\/uploads\/sites\/53\/2025\/10\/2.jpeg","type":"image\/jpeg"}],"author":"mpolonio","twitter_card":"summary_large_image","twitter_misc":{"Escrito por":"mpolonio","Tempo estimado de leitura":"1 minuto"},"schema":{"@context":"https:\/\/schema.org","@graph":[{"@type":"Article","@id":"https:\/\/erp-recycling.org\/pt-pt\/news-and-events\/2025\/10\/erp-portugal-marca-presenca-no-primavera-sound-porto-com-o-mote-reciclar-fica-tao-bem\/#article","isPartOf":{"@id":"https:\/\/erp-recycling.org\/pt-pt\/news-and-events\/2025\/10\/erp-portugal-marca-presenca-no-primavera-sound-porto-com-o-mote-reciclar-fica-tao-bem\/"},"author":{"name":"mpolonio","@id":"https:\/\/erp-recycling.org\/pt-pt\/#\/schema\/person\/8d236f274b54848fc0755641b2034abd"},"headline":"ERP Portugal marca presen\u00e7a no Primavera Sound Porto com o mote &#8216;Reciclar Fica T\u00e3o Bem!","datePublished":"2025-10-07T16:27:26+00:00","mainEntityOfPage":{"@id":"https:\/\/erp-recycling.org\/pt-pt\/news-and-events\/2025\/10\/erp-portugal-marca-presenca-no-primavera-sound-porto-com-o-mote-reciclar-fica-tao-bem\/"},"wordCount":88,"image":{"@id":"https:\/\/erp-recycling.org\/pt-pt\/news-and-events\/2025\/10\/erp-portugal-marca-presenca-no-primavera-sound-porto-com-o-mote-reciclar-fica-tao-bem\/#primaryimage"},"thumbnailUrl":"https:\/\/erp-recycling.org\/pt-pt\/wp-content\/uploads\/sites\/53\/2025\/10\/2.jpeg","articleSection":["Not\u00edcia"],"inLanguage":"pt-PT"},{"@type":"WebPage","@id":"https:\/\/erp-recycling.org\/pt-pt\/news-and-events\/2025\/10\/erp-portugal-marca-presenca-no-primavera-sound-porto-com-o-mote-reciclar-fica-tao-bem\/","url":"https:\/\/erp-recycling.org\/pt-pt\/news-and-events\/2025\/10\/erp-portugal-marca-presenca-no-primavera-sound-porto-com-o-mote-reciclar-fica-tao-bem\/","name":"ERP Portugal marca presen\u00e7a no Primavera Sound Porto com o mote 'Reciclar Fica T\u00e3o Bem! - Portugal (PT)","isPartOf":{"@id":"https:\/\/erp-recycling.org\/pt-pt\/#website"},"primaryImageOfPage":{"@id":"https:\/\/erp-recycling.org\/pt-pt\/news-and-events\/2025\/10\/erp-portugal-marca-presenca-no-primavera-sound-porto-com-o-mote-reciclar-fica-tao-bem\/#primaryimage"},"image":{"@id":"https:\/\/erp-recycling.org\/pt-pt\/news-and-events\/2025\/10\/erp-portugal-marca-presenca-no-primavera-sound-porto-com-o-mote-reciclar-fica-tao-bem\/#primaryimage"},"thumbnailUrl":"https:\/\/erp-recycling.org\/pt-pt\/wp-content\/uploads\/sites\/53\/2025\/10\/2.jpeg","datePublished":"2025-10-07T16:27:26+00:00","author":{"@id":"https:\/\/erp-recycling.org\/pt-pt\/#\/schema\/person\/8d236f274b54848fc0755641b2034abd"},"breadcrumb":{"@id":"https:\/\/erp-recycling.org\/pt-pt\/news-and-events\/2025\/10\/erp-portugal-marca-presenca-no-primavera-sound-porto-com-o-mote-reciclar-fica-tao-bem\/#breadcrumb"},"inLanguage":"pt-PT","potentialAction":[{"@type":"ReadAction","target":["https:\/\/erp-recycling.org\/pt-pt\/news-and-events\/2025\/10\/erp-portugal-marca-presenca-no-primavera-sound-porto-com-o-mote-reciclar-fica-tao-bem\/"]}]},{"@type":"ImageObject","inLanguage":"pt-PT","@id":"https:\/\/erp-recycling.org\/pt-pt\/news-and-events\/2025\/10\/erp-portugal-marca-presenca-no-primavera-sound-porto-com-o-mote-reciclar-fica-tao-bem\/#primaryimage","url":"https:\/\/erp-recycling.org\/pt-pt\/wp-content\/uploads\/sites\/53\/2025\/10\/2.jpeg","contentUrl":"https:\/\/erp-recycling.org\/pt-pt\/wp-content\/uploads\/sites\/53\/2025\/10\/2.jpeg","width":1200,"height":1600},{"@type":"BreadcrumbList","@id":"https:\/\/erp-recycling.org\/pt-pt\/news-and-events\/2025\/10\/erp-portugal-marca-presenca-no-primavera-sound-porto-com-o-mote-reciclar-fica-tao-bem\/#breadcrumb","itemListElement":[{"@type":"ListItem","position":1,"name":"Frontpage","item":"https:\/\/erp-recycling.org\/pt-pt\/"},{"@type":"ListItem","position":2,"name":"ERP Portugal marca presen\u00e7a no Primavera Sound Porto com o mote &#8216;Reciclar Fica T\u00e3o Bem!"}]},{"@type":"WebSite","@id":"https:\/\/erp-recycling.org\/pt-pt\/#website","url":"https:\/\/erp-recycling.org\/pt-pt\/","name":"Portugal (PT)","description":"A company of the Landbell Group","potentialAction":[{"@type":"SearchAction","target":{"@type":"EntryPoint","urlTemplate":"https:\/\/erp-recycling.org\/pt-pt\/?s={search_term_string}"},"query-input":{"@type":"PropertyValueSpecification","valueRequired":true,"valueName":"search_term_string"}}],"inLanguage":"pt-PT"},{"@type":"Person","@id":"https:\/\/erp-recycling.org\/pt-pt\/#\/schema\/person\/8d236f274b54848fc0755641b2034abd","name":"mpolonio","image":{"@type":"ImageObject","inLanguage":"pt-PT","@id":"https:\/\/secure.gravatar.com\/avatar\/2af10cb497f177d50cb3b6da4f051b220c1717b1fce13ad5d01178f161773049?s=96&d=mm&r=g","url":"https:\/\/secure.gravatar.com\/avatar\/2af10cb497f177d50cb3b6da4f051b220c1717b1fce13ad5d01178f161773049?s=96&d=mm&r=g","contentUrl":"https:\/\/secure.gravatar.com\/avatar\/2af10cb497f177d50cb3b6da4f051b220c1717b1fce13ad5d01178f161773049?s=96&d=mm&r=g","caption":"mpolonio"},"url":"https:\/\/erp-recycling.org\/pt-pt\/news-and-events\/author\/mpolonio\/"}]}},"_links":{"self":[{"href":"https:\/\/erp-recycling.org\/pt-pt\/wp-json\/wp\/v2\/posts\/10464","targetHints":{"allow":["GET"]}}],"collection":[{"href":"https:\/\/erp-recycling.org\/pt-pt\/wp-json\/wp\/v2\/posts"}],"about":[{"href":"https:\/\/erp-recycling.org\/pt-pt\/wp-json\/wp\/v2\/types\/post"}],"author":[{"embeddable":true,"href":"https:\/\/erp-recycling.org\/pt-pt\/wp-json\/wp\/v2\/users\/62"}],"replies":[{"embeddable":true,"href":"https:\/\/erp-recycling.org\/pt-pt\/wp-json\/wp\/v2\/comments?post=10464"}],"version-history":[{"count":1,"href":"https:\/\/erp-recycling.org\/pt-pt\/wp-json\/wp\/v2\/posts\/10464\/revisions"}],"predecessor-version":[{"id":10466,"href":"https:\/\/erp-recycling.org\/pt-pt\/wp-json\/wp\/v2\/posts\/10464\/revisions\/10466"}],"wp:featuredmedia":[{"embeddable":true,"href":"https:\/\/erp-recycling.org\/pt-pt\/wp-json\/wp\/v2\/media\/10465"}],"wp:attachment":[{"href":"https:\/\/erp-recycling.org\/pt-pt\/wp-json\/wp\/v2\/media?parent=10464"}],"wp:term":[{"taxonomy":"category","embeddable":true,"href":"https:\/\/erp-recycling.org\/pt-pt\/wp-json\/wp\/v2\/categories?post=10464"},{"taxonomy":"post_tag","embeddable":true,"href":"https:\/\/erp-recycling.org\/pt-pt\/wp-json\/wp\/v2\/tags?post=10464"}],"curies":[{"name":"wp","href":"https:\/\/api.w.org\/{rel}","templated":true}]}}