{"id":10468,"date":"2025-10-07T17:43:41","date_gmt":"2025-10-07T16:43:41","guid":{"rendered":"https:\/\/erp-recycling.org\/pt-pt\/?p=10468"},"modified":"2025-10-07T17:43:41","modified_gmt":"2025-10-07T16:43:41","slug":"erp-portugal-no-esfc-2025-projeto-europeu-life4f-gases-para-recuperacao-de-gases-fluorados","status":"publish","type":"post","link":"https:\/\/erp-recycling.org\/pt-pt\/news-and-events\/2025\/10\/erp-portugal-no-esfc-2025-projeto-europeu-life4f-gases-para-recuperacao-de-gases-fluorados\/","title":{"rendered":"ERP Portugal no ESFC 2025: Projeto Europeu LIFE4F-GASES para recupera\u00e7\u00e3o de gases fluorados"},"content":{"rendered":"<p>A ERP Portugal, Entidade Gestora de Res\u00edduos de Equipamentos El\u00e9tricos e Eletr\u00f3nicos (REEE) e Res\u00edduos de Baterias (RB), marcou presen\u00e7a no 21st European Symposium on Fluorine Chemistry (ESFC 2025), que ocorreu entre os dias 3 e 9 de agosto, no Centro de Congressos de Lisboa. Este evento, que \u00e9 uma refer\u00eancia a n\u00edvel mundial, reuniu especialistas, cientistas e decisores para debater os avan\u00e7os na produ\u00e7\u00e3o, aplica\u00e7\u00e3o e mitiga\u00e7\u00e3o de subst\u00e2ncias fluoradas, cruciais para a transi\u00e7\u00e3o clim\u00e1tica.<\/p>\n<p>&nbsp;<\/p>\n","protected":false},"excerpt":{"rendered":"<p>A ERP Portugal, Entidade Gestora de Res\u00edduos de Equipamentos El\u00e9tricos e Eletr\u00f3nicos (REEE) e Res\u00edduos de Baterias (RB), marcou presen\u00e7a no 21st European Symposium on Fluorine Chemistry (ESFC 2025), que ocorreu entre os dias 3 e 9 de agosto, no Centro de Congressos de Lisboa. Este evento, que \u00e9 uma refer\u00eancia a n\u00edvel mundial, reuniu<\/p>\n","protected":false},"author":62,"featured_media":10469,"comment_status":"closed","ping_status":"open","sticky":false,"template":"","format":"standard","meta":{"_acf_changed":false,"_monsterinsights_skip_tracking":false,"_monsterinsights_sitenote_active":false,"_monsterinsights_sitenote_note":"","_monsterinsights_sitenote_category":0,"footnotes":""},"categories":[53],"tags":[],"class_list":["post-10468","post","type-post","status-publish","format-standard","has-post-thumbnail","hentry","category-noticia"],"acf":[],"yoast_head":"<!-- This site is optimized with the Yoast SEO plugin v27.2 - https:\/\/yoast.com\/product\/yoast-seo-wordpress\/ -->\n<title>ERP Portugal no ESFC 2025: Projeto Europeu LIFE4F-GASES para recupera\u00e7\u00e3o de gases fluorados - Portugal (PT)<\/title>\n<meta name=\"robots\" content=\"index, follow, max-snippet:-1, max-image-preview:large, max-video-preview:-1\" \/>\n<link rel=\"canonical\" href=\"https:\/\/erp-recycling.org\/pt-pt\/news-and-events\/2025\/10\/erp-portugal-no-esfc-2025-projeto-europeu-life4f-gases-para-recuperacao-de-gases-fluorados\/\" \/>\n<meta property=\"og:locale\" content=\"pt_PT\" \/>\n<meta property=\"og:type\" content=\"article\" \/>\n<meta property=\"og:title\" content=\"ERP Portugal no ESFC 2025: Projeto Europeu LIFE4F-GASES para recupera\u00e7\u00e3o de gases fluorados - Portugal (PT)\" \/>\n<meta property=\"og:description\" content=\"A ERP Portugal, Entidade Gestora de Res\u00edduos de Equipamentos El\u00e9tricos e Eletr\u00f3nicos (REEE) e Res\u00edduos de Baterias (RB), marcou presen\u00e7a no 21st European Symposium on Fluorine Chemistry (ESFC 2025), que ocorreu entre os dias 3 e 9 de agosto, no Centro de Congressos de Lisboa. Este evento, que \u00e9 uma refer\u00eancia a n\u00edvel mundial, reuniu\" \/>\n<meta property=\"og:url\" content=\"https:\/\/erp-recycling.org\/pt-pt\/news-and-events\/2025\/10\/erp-portugal-no-esfc-2025-projeto-europeu-life4f-gases-para-recuperacao-de-gases-fluorados\/\" \/>\n<meta property=\"og:site_name\" content=\"Portugal (PT)\" \/>\n<meta property=\"article:published_time\" content=\"2025-10-07T16:43:41+00:00\" \/>\n<meta property=\"og:image\" content=\"https:\/\/erp-recycling.org\/pt-pt\/wp-content\/uploads\/sites\/53\/2025\/10\/56884304-scaled.jpg\" \/>\n\t<meta property=\"og:image:width\" content=\"2560\" \/>\n\t<meta property=\"og:image:height\" content=\"1630\" \/>\n\t<meta property=\"og:image:type\" content=\"image\/jpeg\" \/>\n<meta name=\"author\" content=\"mpolonio\" \/>\n<meta name=\"twitter:card\" content=\"summary_large_image\" \/>\n<meta name=\"twitter:label1\" content=\"Escrito por\" \/>\n\t<meta name=\"twitter:data1\" content=\"mpolonio\" \/>\n\t<meta name=\"twitter:label2\" content=\"Tempo estimado de leitura\" \/>\n\t<meta name=\"twitter:data2\" content=\"1 minuto\" \/>\n<script type=\"application\/ld+json\" class=\"yoast-schema-graph\">{\"@context\":\"https:\/\/schema.org\",\"@graph\":[{\"@type\":\"Article\",\"@id\":\"https:\/\/erp-recycling.org\/pt-pt\/news-and-events\/2025\/10\/erp-portugal-no-esfc-2025-projeto-europeu-life4f-gases-para-recuperacao-de-gases-fluorados\/#article\",\"isPartOf\":{\"@id\":\"https:\/\/erp-recycling.org\/pt-pt\/news-and-events\/2025\/10\/erp-portugal-no-esfc-2025-projeto-europeu-life4f-gases-para-recuperacao-de-gases-fluorados\/\"},\"author\":{\"name\":\"mpolonio\",\"@id\":\"https:\/\/erp-recycling.org\/pt-pt\/#\/schema\/person\/8d236f274b54848fc0755641b2034abd\"},\"headline\":\"ERP Portugal no ESFC 2025: Projeto Europeu LIFE4F-GASES para recupera\u00e7\u00e3o de gases fluorados\",\"datePublished\":\"2025-10-07T16:43:41+00:00\",\"mainEntityOfPage\":{\"@id\":\"https:\/\/erp-recycling.org\/pt-pt\/news-and-events\/2025\/10\/erp-portugal-no-esfc-2025-projeto-europeu-life4f-gases-para-recuperacao-de-gases-fluorados\/\"},\"wordCount\":101,\"image\":{\"@id\":\"https:\/\/erp-recycling.org\/pt-pt\/news-and-events\/2025\/10\/erp-portugal-no-esfc-2025-projeto-europeu-life4f-gases-para-recuperacao-de-gases-fluorados\/#primaryimage\"},\"thumbnailUrl\":\"https:\/\/erp-recycling.org\/pt-pt\/wp-content\/uploads\/sites\/53\/2025\/10\/56884304-scaled.jpg\",\"articleSection\":[\"Not\u00edcia\"],\"inLanguage\":\"pt-PT\"},{\"@type\":\"WebPage\",\"@id\":\"https:\/\/erp-recycling.org\/pt-pt\/news-and-events\/2025\/10\/erp-portugal-no-esfc-2025-projeto-europeu-life4f-gases-para-recuperacao-de-gases-fluorados\/\",\"url\":\"https:\/\/erp-recycling.org\/pt-pt\/news-and-events\/2025\/10\/erp-portugal-no-esfc-2025-projeto-europeu-life4f-gases-para-recuperacao-de-gases-fluorados\/\",\"name\":\"ERP Portugal no ESFC 2025: Projeto Europeu LIFE4F-GASES para recupera\u00e7\u00e3o de gases fluorados - Portugal (PT)\",\"isPartOf\":{\"@id\":\"https:\/\/erp-recycling.org\/pt-pt\/#website\"},\"primaryImageOfPage\":{\"@id\":\"https:\/\/erp-recycling.org\/pt-pt\/news-and-events\/2025\/10\/erp-portugal-no-esfc-2025-projeto-europeu-life4f-gases-para-recuperacao-de-gases-fluorados\/#primaryimage\"},\"image\":{\"@id\":\"https:\/\/erp-recycling.org\/pt-pt\/news-and-events\/2025\/10\/erp-portugal-no-esfc-2025-projeto-europeu-life4f-gases-para-recuperacao-de-gases-fluorados\/#primaryimage\"},\"thumbnailUrl\":\"https:\/\/erp-recycling.org\/pt-pt\/wp-content\/uploads\/sites\/53\/2025\/10\/56884304-scaled.jpg\",\"datePublished\":\"2025-10-07T16:43:41+00:00\",\"author\":{\"@id\":\"https:\/\/erp-recycling.org\/pt-pt\/#\/schema\/person\/8d236f274b54848fc0755641b2034abd\"},\"breadcrumb\":{\"@id\":\"https:\/\/erp-recycling.org\/pt-pt\/news-and-events\/2025\/10\/erp-portugal-no-esfc-2025-projeto-europeu-life4f-gases-para-recuperacao-de-gases-fluorados\/#breadcrumb\"},\"inLanguage\":\"pt-PT\",\"potentialAction\":[{\"@type\":\"ReadAction\",\"target\":[\"https:\/\/erp-recycling.org\/pt-pt\/news-and-events\/2025\/10\/erp-portugal-no-esfc-2025-projeto-europeu-life4f-gases-para-recuperacao-de-gases-fluorados\/\"]}]},{\"@type\":\"ImageObject\",\"inLanguage\":\"pt-PT\",\"@id\":\"https:\/\/erp-recycling.org\/pt-pt\/news-and-events\/2025\/10\/erp-portugal-no-esfc-2025-projeto-europeu-life4f-gases-para-recuperacao-de-gases-fluorados\/#primaryimage\",\"url\":\"https:\/\/erp-recycling.org\/pt-pt\/wp-content\/uploads\/sites\/53\/2025\/10\/56884304-scaled.jpg\",\"contentUrl\":\"https:\/\/erp-recycling.org\/pt-pt\/wp-content\/uploads\/sites\/53\/2025\/10\/56884304-scaled.jpg\",\"width\":2560,\"height\":1630,\"caption\":\"Country General Manager at European Recycling Platform (ERP)\"},{\"@type\":\"BreadcrumbList\",\"@id\":\"https:\/\/erp-recycling.org\/pt-pt\/news-and-events\/2025\/10\/erp-portugal-no-esfc-2025-projeto-europeu-life4f-gases-para-recuperacao-de-gases-fluorados\/#breadcrumb\",\"itemListElement\":[{\"@type\":\"ListItem\",\"position\":1,\"name\":\"Frontpage\",\"item\":\"https:\/\/erp-recycling.org\/pt-pt\/\"},{\"@type\":\"ListItem\",\"position\":2,\"name\":\"ERP Portugal no ESFC 2025: Projeto Europeu LIFE4F-GASES para recupera\u00e7\u00e3o de gases fluorados\"}]},{\"@type\":\"WebSite\",\"@id\":\"https:\/\/erp-recycling.org\/pt-pt\/#website\",\"url\":\"https:\/\/erp-recycling.org\/pt-pt\/\",\"name\":\"Portugal (PT)\",\"description\":\"A company of the Landbell Group\",\"potentialAction\":[{\"@type\":\"SearchAction\",\"target\":{\"@type\":\"EntryPoint\",\"urlTemplate\":\"https:\/\/erp-recycling.org\/pt-pt\/?s={search_term_string}\"},\"query-input\":{\"@type\":\"PropertyValueSpecification\",\"valueRequired\":true,\"valueName\":\"search_term_string\"}}],\"inLanguage\":\"pt-PT\"},{\"@type\":\"Person\",\"@id\":\"https:\/\/erp-recycling.org\/pt-pt\/#\/schema\/person\/8d236f274b54848fc0755641b2034abd\",\"name\":\"mpolonio\",\"image\":{\"@type\":\"ImageObject\",\"inLanguage\":\"pt-PT\",\"@id\":\"https:\/\/secure.gravatar.com\/avatar\/2af10cb497f177d50cb3b6da4f051b220c1717b1fce13ad5d01178f161773049?s=96&d=mm&r=g\",\"url\":\"https:\/\/secure.gravatar.com\/avatar\/2af10cb497f177d50cb3b6da4f051b220c1717b1fce13ad5d01178f161773049?s=96&d=mm&r=g\",\"contentUrl\":\"https:\/\/secure.gravatar.com\/avatar\/2af10cb497f177d50cb3b6da4f051b220c1717b1fce13ad5d01178f161773049?s=96&d=mm&r=g\",\"caption\":\"mpolonio\"},\"url\":\"https:\/\/erp-recycling.org\/pt-pt\/news-and-events\/author\/mpolonio\/\"}]}<\/script>\n<!-- \/ Yoast SEO plugin. -->","yoast_head_json":{"title":"ERP Portugal no ESFC 2025: Projeto Europeu LIFE4F-GASES para recupera\u00e7\u00e3o de gases fluorados - Portugal (PT)","robots":{"index":"index","follow":"follow","max-snippet":"max-snippet:-1","max-image-preview":"max-image-preview:large","max-video-preview":"max-video-preview:-1"},"canonical":"https:\/\/erp-recycling.org\/pt-pt\/news-and-events\/2025\/10\/erp-portugal-no-esfc-2025-projeto-europeu-life4f-gases-para-recuperacao-de-gases-fluorados\/","og_locale":"pt_PT","og_type":"article","og_title":"ERP Portugal no ESFC 2025: Projeto Europeu LIFE4F-GASES para recupera\u00e7\u00e3o de gases fluorados - Portugal (PT)","og_description":"A ERP Portugal, Entidade Gestora de Res\u00edduos de Equipamentos El\u00e9tricos e Eletr\u00f3nicos (REEE) e Res\u00edduos de Baterias (RB), marcou presen\u00e7a no 21st European Symposium on Fluorine Chemistry (ESFC 2025), que ocorreu entre os dias 3 e 9 de agosto, no Centro de Congressos de Lisboa. Este evento, que \u00e9 uma refer\u00eancia a n\u00edvel mundial, reuniu","og_url":"https:\/\/erp-recycling.org\/pt-pt\/news-and-events\/2025\/10\/erp-portugal-no-esfc-2025-projeto-europeu-life4f-gases-para-recuperacao-de-gases-fluorados\/","og_site_name":"Portugal (PT)","article_published_time":"2025-10-07T16:43:41+00:00","og_image":[{"width":2560,"height":1630,"url":"https:\/\/erp-recycling.org\/pt-pt\/wp-content\/uploads\/sites\/53\/2025\/10\/56884304-scaled.jpg","type":"image\/jpeg"}],"author":"mpolonio","twitter_card":"summary_large_image","twitter_misc":{"Escrito por":"mpolonio","Tempo estimado de leitura":"1 minuto"},"schema":{"@context":"https:\/\/schema.org","@graph":[{"@type":"Article","@id":"https:\/\/erp-recycling.org\/pt-pt\/news-and-events\/2025\/10\/erp-portugal-no-esfc-2025-projeto-europeu-life4f-gases-para-recuperacao-de-gases-fluorados\/#article","isPartOf":{"@id":"https:\/\/erp-recycling.org\/pt-pt\/news-and-events\/2025\/10\/erp-portugal-no-esfc-2025-projeto-europeu-life4f-gases-para-recuperacao-de-gases-fluorados\/"},"author":{"name":"mpolonio","@id":"https:\/\/erp-recycling.org\/pt-pt\/#\/schema\/person\/8d236f274b54848fc0755641b2034abd"},"headline":"ERP Portugal no ESFC 2025: Projeto Europeu LIFE4F-GASES para recupera\u00e7\u00e3o de gases fluorados","datePublished":"2025-10-07T16:43:41+00:00","mainEntityOfPage":{"@id":"https:\/\/erp-recycling.org\/pt-pt\/news-and-events\/2025\/10\/erp-portugal-no-esfc-2025-projeto-europeu-life4f-gases-para-recuperacao-de-gases-fluorados\/"},"wordCount":101,"image":{"@id":"https:\/\/erp-recycling.org\/pt-pt\/news-and-events\/2025\/10\/erp-portugal-no-esfc-2025-projeto-europeu-life4f-gases-para-recuperacao-de-gases-fluorados\/#primaryimage"},"thumbnailUrl":"https:\/\/erp-recycling.org\/pt-pt\/wp-content\/uploads\/sites\/53\/2025\/10\/56884304-scaled.jpg","articleSection":["Not\u00edcia"],"inLanguage":"pt-PT"},{"@type":"WebPage","@id":"https:\/\/erp-recycling.org\/pt-pt\/news-and-events\/2025\/10\/erp-portugal-no-esfc-2025-projeto-europeu-life4f-gases-para-recuperacao-de-gases-fluorados\/","url":"https:\/\/erp-recycling.org\/pt-pt\/news-and-events\/2025\/10\/erp-portugal-no-esfc-2025-projeto-europeu-life4f-gases-para-recuperacao-de-gases-fluorados\/","name":"ERP Portugal no ESFC 2025: Projeto Europeu LIFE4F-GASES para recupera\u00e7\u00e3o de gases fluorados - Portugal (PT)","isPartOf":{"@id":"https:\/\/erp-recycling.org\/pt-pt\/#website"},"primaryImageOfPage":{"@id":"https:\/\/erp-recycling.org\/pt-pt\/news-and-events\/2025\/10\/erp-portugal-no-esfc-2025-projeto-europeu-life4f-gases-para-recuperacao-de-gases-fluorados\/#primaryimage"},"image":{"@id":"https:\/\/erp-recycling.org\/pt-pt\/news-and-events\/2025\/10\/erp-portugal-no-esfc-2025-projeto-europeu-life4f-gases-para-recuperacao-de-gases-fluorados\/#primaryimage"},"thumbnailUrl":"https:\/\/erp-recycling.org\/pt-pt\/wp-content\/uploads\/sites\/53\/2025\/10\/56884304-scaled.jpg","datePublished":"2025-10-07T16:43:41+00:00","author":{"@id":"https:\/\/erp-recycling.org\/pt-pt\/#\/schema\/person\/8d236f274b54848fc0755641b2034abd"},"breadcrumb":{"@id":"https:\/\/erp-recycling.org\/pt-pt\/news-and-events\/2025\/10\/erp-portugal-no-esfc-2025-projeto-europeu-life4f-gases-para-recuperacao-de-gases-fluorados\/#breadcrumb"},"inLanguage":"pt-PT","potentialAction":[{"@type":"ReadAction","target":["https:\/\/erp-recycling.org\/pt-pt\/news-and-events\/2025\/10\/erp-portugal-no-esfc-2025-projeto-europeu-life4f-gases-para-recuperacao-de-gases-fluorados\/"]}]},{"@type":"ImageObject","inLanguage":"pt-PT","@id":"https:\/\/erp-recycling.org\/pt-pt\/news-and-events\/2025\/10\/erp-portugal-no-esfc-2025-projeto-europeu-life4f-gases-para-recuperacao-de-gases-fluorados\/#primaryimage","url":"https:\/\/erp-recycling.org\/pt-pt\/wp-content\/uploads\/sites\/53\/2025\/10\/56884304-scaled.jpg","contentUrl":"https:\/\/erp-recycling.org\/pt-pt\/wp-content\/uploads\/sites\/53\/2025\/10\/56884304-scaled.jpg","width":2560,"height":1630,"caption":"Country General Manager at European Recycling Platform (ERP)"},{"@type":"BreadcrumbList","@id":"https:\/\/erp-recycling.org\/pt-pt\/news-and-events\/2025\/10\/erp-portugal-no-esfc-2025-projeto-europeu-life4f-gases-para-recuperacao-de-gases-fluorados\/#breadcrumb","itemListElement":[{"@type":"ListItem","position":1,"name":"Frontpage","item":"https:\/\/erp-recycling.org\/pt-pt\/"},{"@type":"ListItem","position":2,"name":"ERP Portugal no ESFC 2025: Projeto Europeu LIFE4F-GASES para recupera\u00e7\u00e3o de gases fluorados"}]},{"@type":"WebSite","@id":"https:\/\/erp-recycling.org\/pt-pt\/#website","url":"https:\/\/erp-recycling.org\/pt-pt\/","name":"Portugal (PT)","description":"A company of the Landbell Group","potentialAction":[{"@type":"SearchAction","target":{"@type":"EntryPoint","urlTemplate":"https:\/\/erp-recycling.org\/pt-pt\/?s={search_term_string}"},"query-input":{"@type":"PropertyValueSpecification","valueRequired":true,"valueName":"search_term_string"}}],"inLanguage":"pt-PT"},{"@type":"Person","@id":"https:\/\/erp-recycling.org\/pt-pt\/#\/schema\/person\/8d236f274b54848fc0755641b2034abd","name":"mpolonio","image":{"@type":"ImageObject","inLanguage":"pt-PT","@id":"https:\/\/secure.gravatar.com\/avatar\/2af10cb497f177d50cb3b6da4f051b220c1717b1fce13ad5d01178f161773049?s=96&d=mm&r=g","url":"https:\/\/secure.gravatar.com\/avatar\/2af10cb497f177d50cb3b6da4f051b220c1717b1fce13ad5d01178f161773049?s=96&d=mm&r=g","contentUrl":"https:\/\/secure.gravatar.com\/avatar\/2af10cb497f177d50cb3b6da4f051b220c1717b1fce13ad5d01178f161773049?s=96&d=mm&r=g","caption":"mpolonio"},"url":"https:\/\/erp-recycling.org\/pt-pt\/news-and-events\/author\/mpolonio\/"}]}},"_links":{"self":[{"href":"https:\/\/erp-recycling.org\/pt-pt\/wp-json\/wp\/v2\/posts\/10468","targetHints":{"allow":["GET"]}}],"collection":[{"href":"https:\/\/erp-recycling.org\/pt-pt\/wp-json\/wp\/v2\/posts"}],"about":[{"href":"https:\/\/erp-recycling.org\/pt-pt\/wp-json\/wp\/v2\/types\/post"}],"author":[{"embeddable":true,"href":"https:\/\/erp-recycling.org\/pt-pt\/wp-json\/wp\/v2\/users\/62"}],"replies":[{"embeddable":true,"href":"https:\/\/erp-recycling.org\/pt-pt\/wp-json\/wp\/v2\/comments?post=10468"}],"version-history":[{"count":1,"href":"https:\/\/erp-recycling.org\/pt-pt\/wp-json\/wp\/v2\/posts\/10468\/revisions"}],"predecessor-version":[{"id":10470,"href":"https:\/\/erp-recycling.org\/pt-pt\/wp-json\/wp\/v2\/posts\/10468\/revisions\/10470"}],"wp:featuredmedia":[{"embeddable":true,"href":"https:\/\/erp-recycling.org\/pt-pt\/wp-json\/wp\/v2\/media\/10469"}],"wp:attachment":[{"href":"https:\/\/erp-recycling.org\/pt-pt\/wp-json\/wp\/v2\/media?parent=10468"}],"wp:term":[{"taxonomy":"category","embeddable":true,"href":"https:\/\/erp-recycling.org\/pt-pt\/wp-json\/wp\/v2\/categories?post=10468"},{"taxonomy":"post_tag","embeddable":true,"href":"https:\/\/erp-recycling.org\/pt-pt\/wp-json\/wp\/v2\/tags?post=10468"}],"curies":[{"name":"wp","href":"https:\/\/api.w.org\/{rel}","templated":true}]}}